{"id":2909,"date":"2022-11-14T20:30:29","date_gmt":"2022-11-14T20:30:29","guid":{"rendered":"https:\/\/www.missdefrance.fr\/?p=2909"},"modified":"2022-11-22T07:41:10","modified_gmt":"2022-11-22T07:41:10","slug":"marrakech","status":"publish","type":"post","link":"https:\/\/www.missdefrance.fr\/?p=2909","title":{"rendered":"Marrakech"},"content":{"rendered":"\n<p>Marrakech ne se visite pas, elle se ressent !<\/p>\n\n\n\n<p>C&rsquo;est une ville haute en couleurs \u00e0 l&rsquo;atmosph\u00e8re vibrante.<\/p>\n\n\n\n<p>Les bruits, les odeurs, les saveurs&#8230; on se sent pris dans un v\u00e9ritable tourbillon sensoriel&#8230;<\/p>\n\n\n\n<p>C&rsquo;est la promesse d&rsquo;un d\u00e9paysement \u00e0 3h de Lyon.<\/p>\n\n\n\n<p>Outre son effervescence, Marrakech est aussi une ville magnifique, riche en culture, en monuments embl\u00e9matiques et en paysages vari\u00e9s.<\/p>\n\n\n\n<p>Voyager \u00e0 Marrakech, c&rsquo;est avoir le choix.<\/p>\n\n\n\n<p>Le choix de visiter des tonnes de mus\u00e9es et monuments ou de simplement fl\u00e2ner. Le choix de rester \u00e0 l&rsquo;int\u00e9rieur de la m\u00e9dina ou de partir \u00e0 l&rsquo;aventure des montagnes de l&rsquo;Atlas&#8230;<\/p>\n\n\n\n<p>Dans notre cas, nous n&rsquo;avons pas fait de r\u00e9el choix. Nous avons fait le choix de tous les choix !<\/p>\n\n\n\n<p>Nous n&rsquo;avons pas visit\u00e9 des tonnes de monuments, ni m\u00eame suivi un plan \u00e0 la lettre pour arpenter la ville. Nous avons simplement fl\u00e2ner dans la ville et profiter de ce qui s&rsquo;offrait devant nous. Peut \u00eatre aussi car ce voyage n&rsquo;\u00e9tait pas le premier dans ces terres.<\/p>\n\n\n\n<p>Bien sur nous avons visit\u00e9 quelques incontournables comme les souks, la place Jemaa el fna, le palais de Bahia, les ruelles de la M\u00e9dina, les jardins de la Koutoubia&#8230;<\/p>\n\n\n\n<figure class=\"is-layout-flex wp-block-gallery-1 wp-block-gallery columns-3 is-cropped\"><ul class=\"blocks-gallery-grid\"><li class=\"blocks-gallery-item\"><figure><img decoding=\"async\" loading=\"lazy\" width=\"428\" height=\"570\" src=\"https:\/\/www.missdefrance.fr\/wp-content\/uploads\/2022\/11\/Marrakech-2022-2-3-428x570.jpg\" alt=\"\" data-id=\"3015\" data-full-url=\"https:\/\/www.missdefrance.fr\/wp-content\/uploads\/2022\/11\/Marrakech-2022-2-3.jpg\" data-link=\"https:\/\/www.missdefrance.fr\/?attachment_id=3015\" class=\"wp-image-3015\" srcset=\"https:\/\/www.missdefrance.fr\/wp-content\/uploads\/2022\/11\/Marrakech-2022-2-3-428x570.jpg 428w, https:\/\/www.missdefrance.fr\/wp-content\/uploads\/2022\/11\/Marrakech-2022-2-3-188x250.jpg 188w, https:\/\/www.missdefrance.fr\/wp-content\/uploads\/2022\/11\/Marrakech-2022-2-3-113x150.jpg 113w, https:\/\/www.missdefrance.fr\/wp-content\/uploads\/2022\/11\/Marrakech-2022-2-3-768x1024.jpg 768w, https:\/\/www.missdefrance.fr\/wp-content\/uploads\/2022\/11\/Marrakech-2022-2-3-1152x1536.jpg 1152w, https:\/\/www.missdefrance.fr\/wp-content\/uploads\/2022\/11\/Marrakech-2022-2-3-1140x1520.jpg 1140w, https:\/\/www.missdefrance.fr\/wp-content\/uploads\/2022\/11\/Marrakech-2022-2-3.jpg 1536w\" sizes=\"(max-width: 428px) 100vw, 428px\" \/><\/figure><\/li><li class=\"blocks-gallery-item\"><figure><img decoding=\"async\" loading=\"lazy\" width=\"570\" height=\"428\" src=\"https:\/\/www.missdefrance.fr\/wp-content\/uploads\/2022\/11\/Marrakech-2022-4-2-570x428.jpg\" alt=\"\" data-id=\"3017\" data-full-url=\"https:\/\/www.missdefrance.fr\/wp-content\/uploads\/2022\/11\/Marrakech-2022-4-2.jpg\" data-link=\"https:\/\/www.missdefrance.fr\/?attachment_id=3017\" class=\"wp-image-3017\" srcset=\"https:\/\/www.missdefrance.fr\/wp-content\/uploads\/2022\/11\/Marrakech-2022-4-2-570x428.jpg 570w, https:\/\/www.missdefrance.fr\/wp-content\/uploads\/2022\/11\/Marrakech-2022-4-2-250x188.jpg 250w, https:\/\/www.missdefrance.fr\/wp-content\/uploads\/2022\/11\/Marrakech-2022-4-2-150x113.jpg 150w, https:\/\/www.missdefrance.fr\/wp-content\/uploads\/2022\/11\/Marrakech-2022-4-2-768x576.jpg 768w, https:\/\/www.missdefrance.fr\/wp-content\/uploads\/2022\/11\/Marrakech-2022-4-2-1536x1152.jpg 1536w, https:\/\/www.missdefrance.fr\/wp-content\/uploads\/2022\/11\/Marrakech-2022-4-2-1140x855.jpg 1140w, https:\/\/www.missdefrance.fr\/wp-content\/uploads\/2022\/11\/Marrakech-2022-4-2.jpg 2048w\" sizes=\"(max-width: 570px) 100vw, 570px\" \/><\/figure><\/li><li class=\"blocks-gallery-item\"><figure><img decoding=\"async\" loading=\"lazy\" width=\"570\" height=\"428\" src=\"https:\/\/www.missdefrance.fr\/wp-content\/uploads\/2022\/11\/Marrakech-2022-5-2-570x428.jpg\" alt=\"\" data-id=\"3019\" data-full-url=\"https:\/\/www.missdefrance.fr\/wp-content\/uploads\/2022\/11\/Marrakech-2022-5-2.jpg\" data-link=\"https:\/\/www.missdefrance.fr\/?attachment_id=3019\" class=\"wp-image-3019\" srcset=\"https:\/\/www.missdefrance.fr\/wp-content\/uploads\/2022\/11\/Marrakech-2022-5-2-570x428.jpg 570w, https:\/\/www.missdefrance.fr\/wp-content\/uploads\/2022\/11\/Marrakech-2022-5-2-250x188.jpg 250w, https:\/\/www.missdefrance.fr\/wp-content\/uploads\/2022\/11\/Marrakech-2022-5-2-150x113.jpg 150w, https:\/\/www.missdefrance.fr\/wp-content\/uploads\/2022\/11\/Marrakech-2022-5-2-768x576.jpg 768w, https:\/\/www.missdefrance.fr\/wp-content\/uploads\/2022\/11\/Marrakech-2022-5-2-1536x1152.jpg 1536w, https:\/\/www.missdefrance.fr\/wp-content\/uploads\/2022\/11\/Marrakech-2022-5-2-1140x855.jpg 1140w, https:\/\/www.missdefrance.fr\/wp-content\/uploads\/2022\/11\/Marrakech-2022-5-2.jpg 2048w\" sizes=\"(max-width: 570px) 100vw, 570px\" \/><\/figure><\/li><li class=\"blocks-gallery-item\"><figure><img decoding=\"async\" loading=\"lazy\" width=\"570\" height=\"570\" src=\"https:\/\/www.missdefrance.fr\/wp-content\/uploads\/2022\/11\/Marrakech-2022-10-1-570x570.jpg\" alt=\"\" data-id=\"3022\" data-full-url=\"https:\/\/www.missdefrance.fr\/wp-content\/uploads\/2022\/11\/Marrakech-2022-10-1.jpg\" data-link=\"https:\/\/www.missdefrance.fr\/?attachment_id=3022\" class=\"wp-image-3022\" srcset=\"https:\/\/www.missdefrance.fr\/wp-content\/uploads\/2022\/11\/Marrakech-2022-10-1-570x570.jpg 570w, https:\/\/www.missdefrance.fr\/wp-content\/uploads\/2022\/11\/Marrakech-2022-10-1-250x250.jpg 250w, https:\/\/www.missdefrance.fr\/wp-content\/uploads\/2022\/11\/Marrakech-2022-10-1-150x150.jpg 150w, https:\/\/www.missdefrance.fr\/wp-content\/uploads\/2022\/11\/Marrakech-2022-10-1-768x768.jpg 768w, https:\/\/www.missdefrance.fr\/wp-content\/uploads\/2022\/11\/Marrakech-2022-10-1-1536x1536.jpg 1536w, https:\/\/www.missdefrance.fr\/wp-content\/uploads\/2022\/11\/Marrakech-2022-10-1-1140x1140.jpg 1140w, https:\/\/www.missdefrance.fr\/wp-content\/uploads\/2022\/11\/Marrakech-2022-10-1-300x300.jpg 300w, https:\/\/www.missdefrance.fr\/wp-content\/uploads\/2022\/11\/Marrakech-2022-10-1-75x75.jpg 75w, https:\/\/www.missdefrance.fr\/wp-content\/uploads\/2022\/11\/Marrakech-2022-10-1.jpg 2048w\" sizes=\"(max-width: 570px) 100vw, 570px\" \/><\/figure><\/li><li class=\"blocks-gallery-item\"><figure><img decoding=\"async\" loading=\"lazy\" width=\"570\" height=\"570\" src=\"https:\/\/www.missdefrance.fr\/wp-content\/uploads\/2022\/11\/Marrakech-2022-11-570x570.jpg\" alt=\"\" data-id=\"3025\" data-full-url=\"https:\/\/www.missdefrance.fr\/wp-content\/uploads\/2022\/11\/Marrakech-2022-11.jpg\" data-link=\"https:\/\/www.missdefrance.fr\/?attachment_id=3025\" class=\"wp-image-3025\" srcset=\"https:\/\/www.missdefrance.fr\/wp-content\/uploads\/2022\/11\/Marrakech-2022-11-570x570.jpg 570w, https:\/\/www.missdefrance.fr\/wp-content\/uploads\/2022\/11\/Marrakech-2022-11-250x250.jpg 250w, https:\/\/www.missdefrance.fr\/wp-content\/uploads\/2022\/11\/Marrakech-2022-11-150x150.jpg 150w, https:\/\/www.missdefrance.fr\/wp-content\/uploads\/2022\/11\/Marrakech-2022-11-768x768.jpg 768w, https:\/\/www.missdefrance.fr\/wp-content\/uploads\/2022\/11\/Marrakech-2022-11-1536x1536.jpg 1536w, https:\/\/www.missdefrance.fr\/wp-content\/uploads\/2022\/11\/Marrakech-2022-11-1140x1140.jpg 1140w, https:\/\/www.missdefrance.fr\/wp-content\/uploads\/2022\/11\/Marrakech-2022-11-300x300.jpg 300w, https:\/\/www.missdefrance.fr\/wp-content\/uploads\/2022\/11\/Marrakech-2022-11-75x75.jpg 75w, https:\/\/www.missdefrance.fr\/wp-content\/uploads\/2022\/11\/Marrakech-2022-11.jpg 2048w\" sizes=\"(max-width: 570px) 100vw, 570px\" \/><\/figure><\/li><li class=\"blocks-gallery-item\"><figure><img decoding=\"async\" loading=\"lazy\" width=\"570\" height=\"570\" src=\"https:\/\/www.missdefrance.fr\/wp-content\/uploads\/2022\/11\/Marrakech-2022-12-570x570.jpg\" alt=\"\" data-id=\"3027\" data-full-url=\"https:\/\/www.missdefrance.fr\/wp-content\/uploads\/2022\/11\/Marrakech-2022-12.jpg\" data-link=\"https:\/\/www.missdefrance.fr\/?attachment_id=3027\" class=\"wp-image-3027\" srcset=\"https:\/\/www.missdefrance.fr\/wp-content\/uploads\/2022\/11\/Marrakech-2022-12-570x570.jpg 570w, https:\/\/www.missdefrance.fr\/wp-content\/uploads\/2022\/11\/Marrakech-2022-12-250x250.jpg 250w, https:\/\/www.missdefrance.fr\/wp-content\/uploads\/2022\/11\/Marrakech-2022-12-150x150.jpg 150w, https:\/\/www.missdefrance.fr\/wp-content\/uploads\/2022\/11\/Marrakech-2022-12-768x768.jpg 768w, https:\/\/www.missdefrance.fr\/wp-content\/uploads\/2022\/11\/Marrakech-2022-12-1536x1536.jpg 1536w, https:\/\/www.missdefrance.fr\/wp-content\/uploads\/2022\/11\/Marrakech-2022-12-1140x1140.jpg 1140w, https:\/\/www.missdefrance.fr\/wp-content\/uploads\/2022\/11\/Marrakech-2022-12-300x300.jpg 300w, https:\/\/www.missdefrance.fr\/wp-content\/uploads\/2022\/11\/Marrakech-2022-12-75x75.jpg 75w, https:\/\/www.missdefrance.fr\/wp-content\/uploads\/2022\/11\/Marrakech-2022-12.jpg 2048w\" sizes=\"(max-width: 570px) 100vw, 570px\" \/><\/figure><\/li><li class=\"blocks-gallery-item\"><figure><img decoding=\"async\" loading=\"lazy\" width=\"570\" height=\"570\" src=\"https:\/\/www.missdefrance.fr\/wp-content\/uploads\/2022\/11\/Marrakech-2022-13-570x570.jpg\" alt=\"\" data-id=\"3029\" data-full-url=\"https:\/\/www.missdefrance.fr\/wp-content\/uploads\/2022\/11\/Marrakech-2022-13.jpg\" data-link=\"https:\/\/www.missdefrance.fr\/?attachment_id=3029\" class=\"wp-image-3029\" srcset=\"https:\/\/www.missdefrance.fr\/wp-content\/uploads\/2022\/11\/Marrakech-2022-13-570x570.jpg 570w, https:\/\/www.missdefrance.fr\/wp-content\/uploads\/2022\/11\/Marrakech-2022-13-250x250.jpg 250w, https:\/\/www.missdefrance.fr\/wp-content\/uploads\/2022\/11\/Marrakech-2022-13-150x150.jpg 150w, https:\/\/www.missdefrance.fr\/wp-content\/uploads\/2022\/11\/Marrakech-2022-13-768x768.jpg 768w, https:\/\/www.missdefrance.fr\/wp-content\/uploads\/2022\/11\/Marrakech-2022-13-1536x1536.jpg 1536w, https:\/\/www.missdefrance.fr\/wp-content\/uploads\/2022\/11\/Marrakech-2022-13-1140x1140.jpg 1140w, https:\/\/www.missdefrance.fr\/wp-content\/uploads\/2022\/11\/Marrakech-2022-13-300x300.jpg 300w, https:\/\/www.missdefrance.fr\/wp-content\/uploads\/2022\/11\/Marrakech-2022-13-75x75.jpg 75w, https:\/\/www.missdefrance.fr\/wp-content\/uploads\/2022\/11\/Marrakech-2022-13.jpg 2048w\" sizes=\"(max-width: 570px) 100vw, 570px\" \/><\/figure><\/li><li class=\"blocks-gallery-item\"><figure><img decoding=\"async\" loading=\"lazy\" width=\"570\" height=\"570\" src=\"https:\/\/www.missdefrance.fr\/wp-content\/uploads\/2022\/11\/Marrakech-2022-14-570x570.jpg\" alt=\"\" data-id=\"3030\" data-full-url=\"https:\/\/www.missdefrance.fr\/wp-content\/uploads\/2022\/11\/Marrakech-2022-14.jpg\" data-link=\"https:\/\/www.missdefrance.fr\/?attachment_id=3030\" class=\"wp-image-3030\" srcset=\"https:\/\/www.missdefrance.fr\/wp-content\/uploads\/2022\/11\/Marrakech-2022-14-570x570.jpg 570w, https:\/\/www.missdefrance.fr\/wp-content\/uploads\/2022\/11\/Marrakech-2022-14-250x250.jpg 250w, https:\/\/www.missdefrance.fr\/wp-content\/uploads\/2022\/11\/Marrakech-2022-14-150x150.jpg 150w, https:\/\/www.missdefrance.fr\/wp-content\/uploads\/2022\/11\/Marrakech-2022-14-768x768.jpg 768w, https:\/\/www.missdefrance.fr\/wp-content\/uploads\/2022\/11\/Marrakech-2022-14-1536x1536.jpg 1536w, https:\/\/www.missdefrance.fr\/wp-content\/uploads\/2022\/11\/Marrakech-2022-14-1140x1140.jpg 1140w, https:\/\/www.missdefrance.fr\/wp-content\/uploads\/2022\/11\/Marrakech-2022-14-300x300.jpg 300w, https:\/\/www.missdefrance.fr\/wp-content\/uploads\/2022\/11\/Marrakech-2022-14-75x75.jpg 75w, https:\/\/www.missdefrance.fr\/wp-content\/uploads\/2022\/11\/Marrakech-2022-14.jpg 2048w\" sizes=\"(max-width: 570px) 100vw, 570px\" \/><\/figure><\/li><li class=\"blocks-gallery-item\"><figure><img decoding=\"async\" loading=\"lazy\" width=\"570\" height=\"570\" src=\"https:\/\/www.missdefrance.fr\/wp-content\/uploads\/2022\/11\/Marrakech-2022-15-570x570.jpg\" alt=\"\" data-id=\"3033\" data-full-url=\"https:\/\/www.missdefrance.fr\/wp-content\/uploads\/2022\/11\/Marrakech-2022-15.jpg\" data-link=\"https:\/\/www.missdefrance.fr\/?attachment_id=3033\" class=\"wp-image-3033\" srcset=\"https:\/\/www.missdefrance.fr\/wp-content\/uploads\/2022\/11\/Marrakech-2022-15-570x570.jpg 570w, https:\/\/www.missdefrance.fr\/wp-content\/uploads\/2022\/11\/Marrakech-2022-15-250x250.jpg 250w, https:\/\/www.missdefrance.fr\/wp-content\/uploads\/2022\/11\/Marrakech-2022-15-150x150.jpg 150w, https:\/\/www.missdefrance.fr\/wp-content\/uploads\/2022\/11\/Marrakech-2022-15-768x768.jpg 768w, https:\/\/www.missdefrance.fr\/wp-content\/uploads\/2022\/11\/Marrakech-2022-15-1536x1536.jpg 1536w, https:\/\/www.missdefrance.fr\/wp-content\/uploads\/2022\/11\/Marrakech-2022-15-1140x1140.jpg 1140w, https:\/\/www.missdefrance.fr\/wp-content\/uploads\/2022\/11\/Marrakech-2022-15-300x300.jpg 300w, https:\/\/www.missdefrance.fr\/wp-content\/uploads\/2022\/11\/Marrakech-2022-15-75x75.jpg 75w, https:\/\/www.missdefrance.fr\/wp-content\/uploads\/2022\/11\/Marrakech-2022-15.jpg 2048w\" sizes=\"(max-width: 570px) 100vw, 570px\" \/><\/figure><\/li><li class=\"blocks-gallery-item\"><figure><img decoding=\"async\" loading=\"lazy\" width=\"570\" height=\"570\" src=\"https:\/\/www.missdefrance.fr\/wp-content\/uploads\/2022\/11\/Marrakech-2022-16-1-570x570.jpg\" alt=\"\" data-id=\"3036\" data-full-url=\"https:\/\/www.missdefrance.fr\/wp-content\/uploads\/2022\/11\/Marrakech-2022-16-1.jpg\" data-link=\"https:\/\/www.missdefrance.fr\/?attachment_id=3036\" class=\"wp-image-3036\" srcset=\"https:\/\/www.missdefrance.fr\/wp-content\/uploads\/2022\/11\/Marrakech-2022-16-1-570x570.jpg 570w, https:\/\/www.missdefrance.fr\/wp-content\/uploads\/2022\/11\/Marrakech-2022-16-1-250x250.jpg 250w, https:\/\/www.missdefrance.fr\/wp-content\/uploads\/2022\/11\/Marrakech-2022-16-1-150x150.jpg 150w, https:\/\/www.missdefrance.fr\/wp-content\/uploads\/2022\/11\/Marrakech-2022-16-1-768x768.jpg 768w, https:\/\/www.missdefrance.fr\/wp-content\/uploads\/2022\/11\/Marrakech-2022-16-1-1536x1536.jpg 1536w, https:\/\/www.missdefrance.fr\/wp-content\/uploads\/2022\/11\/Marrakech-2022-16-1-1140x1140.jpg 1140w, https:\/\/www.missdefrance.fr\/wp-content\/uploads\/2022\/11\/Marrakech-2022-16-1-300x300.jpg 300w, https:\/\/www.missdefrance.fr\/wp-content\/uploads\/2022\/11\/Marrakech-2022-16-1-75x75.jpg 75w, https:\/\/www.missdefrance.fr\/wp-content\/uploads\/2022\/11\/Marrakech-2022-16-1.jpg 2048w\" sizes=\"(max-width: 570px) 100vw, 570px\" \/><\/figure><\/li><li class=\"blocks-gallery-item\"><figure><img decoding=\"async\" loading=\"lazy\" width=\"570\" height=\"570\" src=\"https:\/\/www.missdefrance.fr\/wp-content\/uploads\/2022\/11\/Marrakech-2022-17-1-570x570.jpg\" alt=\"\" data-id=\"3038\" data-full-url=\"https:\/\/www.missdefrance.fr\/wp-content\/uploads\/2022\/11\/Marrakech-2022-17-1.jpg\" data-link=\"https:\/\/www.missdefrance.fr\/?attachment_id=3038\" class=\"wp-image-3038\" srcset=\"https:\/\/www.missdefrance.fr\/wp-content\/uploads\/2022\/11\/Marrakech-2022-17-1-570x570.jpg 570w, https:\/\/www.missdefrance.fr\/wp-content\/uploads\/2022\/11\/Marrakech-2022-17-1-250x250.jpg 250w, https:\/\/www.missdefrance.fr\/wp-content\/uploads\/2022\/11\/Marrakech-2022-17-1-150x150.jpg 150w, https:\/\/www.missdefrance.fr\/wp-content\/uploads\/2022\/11\/Marrakech-2022-17-1-768x768.jpg 768w, https:\/\/www.missdefrance.fr\/wp-content\/uploads\/2022\/11\/Marrakech-2022-17-1-1536x1536.jpg 1536w, https:\/\/www.missdefrance.fr\/wp-content\/uploads\/2022\/11\/Marrakech-2022-17-1-1140x1140.jpg 1140w, https:\/\/www.missdefrance.fr\/wp-content\/uploads\/2022\/11\/Marrakech-2022-17-1-300x300.jpg 300w, https:\/\/www.missdefrance.fr\/wp-content\/uploads\/2022\/11\/Marrakech-2022-17-1-75x75.jpg 75w, https:\/\/www.missdefrance.fr\/wp-content\/uploads\/2022\/11\/Marrakech-2022-17-1.jpg 2048w\" sizes=\"(max-width: 570px) 100vw, 570px\" \/><\/figure><\/li><li class=\"blocks-gallery-item\"><figure><img decoding=\"async\" loading=\"lazy\" width=\"570\" height=\"570\" src=\"https:\/\/www.missdefrance.fr\/wp-content\/uploads\/2022\/11\/Marrakech-2022-21-1-570x570.jpg\" alt=\"\" data-id=\"3040\" data-full-url=\"https:\/\/www.missdefrance.fr\/wp-content\/uploads\/2022\/11\/Marrakech-2022-21-1.jpg\" data-link=\"https:\/\/www.missdefrance.fr\/?attachment_id=3040\" class=\"wp-image-3040\" srcset=\"https:\/\/www.missdefrance.fr\/wp-content\/uploads\/2022\/11\/Marrakech-2022-21-1-570x570.jpg 570w, https:\/\/www.missdefrance.fr\/wp-content\/uploads\/2022\/11\/Marrakech-2022-21-1-250x250.jpg 250w, https:\/\/www.missdefrance.fr\/wp-content\/uploads\/2022\/11\/Marrakech-2022-21-1-150x150.jpg 150w, https:\/\/www.missdefrance.fr\/wp-content\/uploads\/2022\/11\/Marrakech-2022-21-1-768x768.jpg 768w, https:\/\/www.missdefrance.fr\/wp-content\/uploads\/2022\/11\/Marrakech-2022-21-1-1536x1536.jpg 1536w, https:\/\/www.missdefrance.fr\/wp-content\/uploads\/2022\/11\/Marrakech-2022-21-1-1140x1140.jpg 1140w, https:\/\/www.missdefrance.fr\/wp-content\/uploads\/2022\/11\/Marrakech-2022-21-1-300x300.jpg 300w, https:\/\/www.missdefrance.fr\/wp-content\/uploads\/2022\/11\/Marrakech-2022-21-1-75x75.jpg 75w, https:\/\/www.missdefrance.fr\/wp-content\/uploads\/2022\/11\/Marrakech-2022-21-1.jpg 2048w\" sizes=\"(max-width: 570px) 100vw, 570px\" \/><\/figure><\/li><li class=\"blocks-gallery-item\"><figure><img decoding=\"async\" loading=\"lazy\" width=\"570\" height=\"570\" src=\"https:\/\/www.missdefrance.fr\/wp-content\/uploads\/2022\/11\/Marrakech-2022-22-2-570x570.jpg\" alt=\"\" data-id=\"3043\" data-full-url=\"https:\/\/www.missdefrance.fr\/wp-content\/uploads\/2022\/11\/Marrakech-2022-22-2.jpg\" data-link=\"https:\/\/www.missdefrance.fr\/?attachment_id=3043\" class=\"wp-image-3043\" srcset=\"https:\/\/www.missdefrance.fr\/wp-content\/uploads\/2022\/11\/Marrakech-2022-22-2-570x570.jpg 570w, https:\/\/www.missdefrance.fr\/wp-content\/uploads\/2022\/11\/Marrakech-2022-22-2-250x250.jpg 250w, https:\/\/www.missdefrance.fr\/wp-content\/uploads\/2022\/11\/Marrakech-2022-22-2-150x150.jpg 150w, https:\/\/www.missdefrance.fr\/wp-content\/uploads\/2022\/11\/Marrakech-2022-22-2-768x768.jpg 768w, https:\/\/www.missdefrance.fr\/wp-content\/uploads\/2022\/11\/Marrakech-2022-22-2-1536x1536.jpg 1536w, https:\/\/www.missdefrance.fr\/wp-content\/uploads\/2022\/11\/Marrakech-2022-22-2-1140x1140.jpg 1140w, https:\/\/www.missdefrance.fr\/wp-content\/uploads\/2022\/11\/Marrakech-2022-22-2-300x300.jpg 300w, https:\/\/www.missdefrance.fr\/wp-content\/uploads\/2022\/11\/Marrakech-2022-22-2-75x75.jpg 75w, https:\/\/www.missdefrance.fr\/wp-content\/uploads\/2022\/11\/Marrakech-2022-22-2.jpg 2048w\" sizes=\"(max-width: 570px) 100vw, 570px\" \/><\/figure><\/li><li class=\"blocks-gallery-item\"><figure><img decoding=\"async\" loading=\"lazy\" width=\"380\" height=\"570\" src=\"https:\/\/www.missdefrance.fr\/wp-content\/uploads\/2022\/11\/Marrakech-2022-62-1-380x570.jpg\" alt=\"\" data-id=\"3044\" data-full-url=\"https:\/\/www.missdefrance.fr\/wp-content\/uploads\/2022\/11\/Marrakech-2022-62-1.jpg\" data-link=\"https:\/\/www.missdefrance.fr\/?attachment_id=3044\" class=\"wp-image-3044\" srcset=\"https:\/\/www.missdefrance.fr\/wp-content\/uploads\/2022\/11\/Marrakech-2022-62-1-380x570.jpg 380w, https:\/\/www.missdefrance.fr\/wp-content\/uploads\/2022\/11\/Marrakech-2022-62-1-167x250.jpg 167w, https:\/\/www.missdefrance.fr\/wp-content\/uploads\/2022\/11\/Marrakech-2022-62-1-100x150.jpg 100w, https:\/\/www.missdefrance.fr\/wp-content\/uploads\/2022\/11\/Marrakech-2022-62-1-768x1152.jpg 768w, https:\/\/www.missdefrance.fr\/wp-content\/uploads\/2022\/11\/Marrakech-2022-62-1-1024x1536.jpg 1024w, https:\/\/www.missdefrance.fr\/wp-content\/uploads\/2022\/11\/Marrakech-2022-62-1-1140x1710.jpg 1140w, https:\/\/www.missdefrance.fr\/wp-content\/uploads\/2022\/11\/Marrakech-2022-62-1.jpg 1365w\" sizes=\"(max-width: 380px) 100vw, 380px\" \/><\/figure><\/li><li class=\"blocks-gallery-item\"><figure><img decoding=\"async\" loading=\"lazy\" width=\"570\" height=\"380\" src=\"https:\/\/www.missdefrance.fr\/wp-content\/uploads\/2022\/11\/Marrakech-2022-63-1-570x380.jpg\" alt=\"\" data-id=\"3046\" data-full-url=\"https:\/\/www.missdefrance.fr\/wp-content\/uploads\/2022\/11\/Marrakech-2022-63-1.jpg\" data-link=\"https:\/\/www.missdefrance.fr\/?attachment_id=3046\" class=\"wp-image-3046\" srcset=\"https:\/\/www.missdefrance.fr\/wp-content\/uploads\/2022\/11\/Marrakech-2022-63-1-570x380.jpg 570w, https:\/\/www.missdefrance.fr\/wp-content\/uploads\/2022\/11\/Marrakech-2022-63-1-250x167.jpg 250w, https:\/\/www.missdefrance.fr\/wp-content\/uploads\/2022\/11\/Marrakech-2022-63-1-150x100.jpg 150w, https:\/\/www.missdefrance.fr\/wp-content\/uploads\/2022\/11\/Marrakech-2022-63-1-768x512.jpg 768w, https:\/\/www.missdefrance.fr\/wp-content\/uploads\/2022\/11\/Marrakech-2022-63-1-1536x1024.jpg 1536w, https:\/\/www.missdefrance.fr\/wp-content\/uploads\/2022\/11\/Marrakech-2022-63-1-1140x760.jpg 1140w, https:\/\/www.missdefrance.fr\/wp-content\/uploads\/2022\/11\/Marrakech-2022-63-1.jpg 2048w\" sizes=\"(max-width: 570px) 100vw, 570px\" \/><\/figure><\/li><li class=\"blocks-gallery-item\"><figure><img decoding=\"async\" loading=\"lazy\" width=\"380\" height=\"570\" src=\"https:\/\/www.missdefrance.fr\/wp-content\/uploads\/2022\/11\/Marrakech-2022-65-1-380x570.jpg\" alt=\"\" data-id=\"3048\" data-full-url=\"https:\/\/www.missdefrance.fr\/wp-content\/uploads\/2022\/11\/Marrakech-2022-65-1.jpg\" data-link=\"https:\/\/www.missdefrance.fr\/?attachment_id=3048\" class=\"wp-image-3048\" srcset=\"https:\/\/www.missdefrance.fr\/wp-content\/uploads\/2022\/11\/Marrakech-2022-65-1-380x570.jpg 380w, https:\/\/www.missdefrance.fr\/wp-content\/uploads\/2022\/11\/Marrakech-2022-65-1-167x250.jpg 167w, https:\/\/www.missdefrance.fr\/wp-content\/uploads\/2022\/11\/Marrakech-2022-65-1-100x150.jpg 100w, https:\/\/www.missdefrance.fr\/wp-content\/uploads\/2022\/11\/Marrakech-2022-65-1-768x1152.jpg 768w, https:\/\/www.missdefrance.fr\/wp-content\/uploads\/2022\/11\/Marrakech-2022-65-1-1024x1536.jpg 1024w, https:\/\/www.missdefrance.fr\/wp-content\/uploads\/2022\/11\/Marrakech-2022-65-1-1140x1710.jpg 1140w, https:\/\/www.missdefrance.fr\/wp-content\/uploads\/2022\/11\/Marrakech-2022-65-1.jpg 1365w\" sizes=\"(max-width: 380px) 100vw, 380px\" \/><\/figure><\/li><li class=\"blocks-gallery-item\"><figure><img decoding=\"async\" loading=\"lazy\" width=\"570\" height=\"380\" src=\"https:\/\/www.missdefrance.fr\/wp-content\/uploads\/2022\/11\/Marrakech-2022-66-1-570x380.jpg\" alt=\"\" data-id=\"3049\" data-full-url=\"https:\/\/www.missdefrance.fr\/wp-content\/uploads\/2022\/11\/Marrakech-2022-66-1.jpg\" data-link=\"https:\/\/www.missdefrance.fr\/?attachment_id=3049\" class=\"wp-image-3049\" srcset=\"https:\/\/www.missdefrance.fr\/wp-content\/uploads\/2022\/11\/Marrakech-2022-66-1-570x380.jpg 570w, https:\/\/www.missdefrance.fr\/wp-content\/uploads\/2022\/11\/Marrakech-2022-66-1-250x167.jpg 250w, https:\/\/www.missdefrance.fr\/wp-content\/uploads\/2022\/11\/Marrakech-2022-66-1-150x100.jpg 150w, https:\/\/www.missdefrance.fr\/wp-content\/uploads\/2022\/11\/Marrakech-2022-66-1-768x512.jpg 768w, https:\/\/www.missdefrance.fr\/wp-content\/uploads\/2022\/11\/Marrakech-2022-66-1-1536x1024.jpg 1536w, https:\/\/www.missdefrance.fr\/wp-content\/uploads\/2022\/11\/Marrakech-2022-66-1-1140x760.jpg 1140w, https:\/\/www.missdefrance.fr\/wp-content\/uploads\/2022\/11\/Marrakech-2022-66-1.jpg 2048w\" sizes=\"(max-width: 570px) 100vw, 570px\" \/><\/figure><\/li><li class=\"blocks-gallery-item\"><figure><img decoding=\"async\" loading=\"lazy\" width=\"380\" height=\"570\" src=\"https:\/\/www.missdefrance.fr\/wp-content\/uploads\/2022\/11\/Marrakech-2022-67-1-380x570.jpg\" alt=\"\" data-id=\"3051\" data-full-url=\"https:\/\/www.missdefrance.fr\/wp-content\/uploads\/2022\/11\/Marrakech-2022-67-1.jpg\" data-link=\"https:\/\/www.missdefrance.fr\/?attachment_id=3051\" class=\"wp-image-3051\" srcset=\"https:\/\/www.missdefrance.fr\/wp-content\/uploads\/2022\/11\/Marrakech-2022-67-1-380x570.jpg 380w, https:\/\/www.missdefrance.fr\/wp-content\/uploads\/2022\/11\/Marrakech-2022-67-1-167x250.jpg 167w, https:\/\/www.missdefrance.fr\/wp-content\/uploads\/2022\/11\/Marrakech-2022-67-1-100x150.jpg 100w, https:\/\/www.missdefrance.fr\/wp-content\/uploads\/2022\/11\/Marrakech-2022-67-1-768x1152.jpg 768w, https:\/\/www.missdefrance.fr\/wp-content\/uploads\/2022\/11\/Marrakech-2022-67-1-1024x1536.jpg 1024w, https:\/\/www.missdefrance.fr\/wp-content\/uploads\/2022\/11\/Marrakech-2022-67-1-1140x1710.jpg 1140w, https:\/\/www.missdefrance.fr\/wp-content\/uploads\/2022\/11\/Marrakech-2022-67-1.jpg 1365w\" sizes=\"(max-width: 380px) 100vw, 380px\" \/><\/figure><\/li><li class=\"blocks-gallery-item\"><figure><img decoding=\"async\" loading=\"lazy\" width=\"428\" height=\"570\" src=\"https:\/\/www.missdefrance.fr\/wp-content\/uploads\/2022\/11\/Marrakech-2022-116-1-428x570.jpg\" alt=\"\" data-id=\"3053\" data-full-url=\"https:\/\/www.missdefrance.fr\/wp-content\/uploads\/2022\/11\/Marrakech-2022-116-1.jpg\" data-link=\"https:\/\/www.missdefrance.fr\/?attachment_id=3053\" class=\"wp-image-3053\" srcset=\"https:\/\/www.missdefrance.fr\/wp-content\/uploads\/2022\/11\/Marrakech-2022-116-1-428x570.jpg 428w, https:\/\/www.missdefrance.fr\/wp-content\/uploads\/2022\/11\/Marrakech-2022-116-1-188x250.jpg 188w, https:\/\/www.missdefrance.fr\/wp-content\/uploads\/2022\/11\/Marrakech-2022-116-1-113x150.jpg 113w, https:\/\/www.missdefrance.fr\/wp-content\/uploads\/2022\/11\/Marrakech-2022-116-1-768x1024.jpg 768w, https:\/\/www.missdefrance.fr\/wp-content\/uploads\/2022\/11\/Marrakech-2022-116-1-1152x1536.jpg 1152w, https:\/\/www.missdefrance.fr\/wp-content\/uploads\/2022\/11\/Marrakech-2022-116-1-1140x1520.jpg 1140w, https:\/\/www.missdefrance.fr\/wp-content\/uploads\/2022\/11\/Marrakech-2022-116-1.jpg 1536w\" sizes=\"(max-width: 428px) 100vw, 428px\" \/><\/figure><\/li><li class=\"blocks-gallery-item\"><figure><img decoding=\"async\" loading=\"lazy\" width=\"428\" height=\"570\" src=\"https:\/\/www.missdefrance.fr\/wp-content\/uploads\/2022\/11\/Marrakech-2022-117-1-428x570.jpg\" alt=\"\" data-id=\"3054\" data-full-url=\"https:\/\/www.missdefrance.fr\/wp-content\/uploads\/2022\/11\/Marrakech-2022-117-1.jpg\" data-link=\"https:\/\/www.missdefrance.fr\/?attachment_id=3054\" class=\"wp-image-3054\" srcset=\"https:\/\/www.missdefrance.fr\/wp-content\/uploads\/2022\/11\/Marrakech-2022-117-1-428x570.jpg 428w, https:\/\/www.missdefrance.fr\/wp-content\/uploads\/2022\/11\/Marrakech-2022-117-1-188x250.jpg 188w, https:\/\/www.missdefrance.fr\/wp-content\/uploads\/2022\/11\/Marrakech-2022-117-1-113x150.jpg 113w, https:\/\/www.missdefrance.fr\/wp-content\/uploads\/2022\/11\/Marrakech-2022-117-1-768x1023.jpg 768w, https:\/\/www.missdefrance.fr\/wp-content\/uploads\/2022\/11\/Marrakech-2022-117-1-1153x1536.jpg 1153w, https:\/\/www.missdefrance.fr\/wp-content\/uploads\/2022\/11\/Marrakech-2022-117-1-1140x1519.jpg 1140w, https:\/\/www.missdefrance.fr\/wp-content\/uploads\/2022\/11\/Marrakech-2022-117-1.jpg 1537w\" sizes=\"(max-width: 428px) 100vw, 428px\" \/><\/figure><\/li><li class=\"blocks-gallery-item\"><figure><img decoding=\"async\" loading=\"lazy\" width=\"428\" height=\"570\" src=\"https:\/\/www.missdefrance.fr\/wp-content\/uploads\/2022\/11\/Marrakech-2022-118-1-428x570.jpg\" alt=\"\" data-id=\"3055\" data-full-url=\"https:\/\/www.missdefrance.fr\/wp-content\/uploads\/2022\/11\/Marrakech-2022-118-1.jpg\" data-link=\"https:\/\/www.missdefrance.fr\/?attachment_id=3055\" class=\"wp-image-3055\" srcset=\"https:\/\/www.missdefrance.fr\/wp-content\/uploads\/2022\/11\/Marrakech-2022-118-1-428x570.jpg 428w, https:\/\/www.missdefrance.fr\/wp-content\/uploads\/2022\/11\/Marrakech-2022-118-1-188x250.jpg 188w, https:\/\/www.missdefrance.fr\/wp-content\/uploads\/2022\/11\/Marrakech-2022-118-1-113x150.jpg 113w, https:\/\/www.missdefrance.fr\/wp-content\/uploads\/2022\/11\/Marrakech-2022-118-1-768x1024.jpg 768w, https:\/\/www.missdefrance.fr\/wp-content\/uploads\/2022\/11\/Marrakech-2022-118-1-1152x1536.jpg 1152w, https:\/\/www.missdefrance.fr\/wp-content\/uploads\/2022\/11\/Marrakech-2022-118-1-1140x1520.jpg 1140w, https:\/\/www.missdefrance.fr\/wp-content\/uploads\/2022\/11\/Marrakech-2022-118-1.jpg 1536w\" sizes=\"(max-width: 428px) 100vw, 428px\" \/><\/figure><\/li><li class=\"blocks-gallery-item\"><figure><img decoding=\"async\" loading=\"lazy\" width=\"428\" height=\"570\" src=\"https:\/\/www.missdefrance.fr\/wp-content\/uploads\/2022\/11\/Marrakech-2022-119-1-428x570.jpg\" alt=\"\" data-id=\"3056\" data-full-url=\"https:\/\/www.missdefrance.fr\/wp-content\/uploads\/2022\/11\/Marrakech-2022-119-1.jpg\" data-link=\"https:\/\/www.missdefrance.fr\/?attachment_id=3056\" class=\"wp-image-3056\" srcset=\"https:\/\/www.missdefrance.fr\/wp-content\/uploads\/2022\/11\/Marrakech-2022-119-1-428x570.jpg 428w, https:\/\/www.missdefrance.fr\/wp-content\/uploads\/2022\/11\/Marrakech-2022-119-1-188x250.jpg 188w, https:\/\/www.missdefrance.fr\/wp-content\/uploads\/2022\/11\/Marrakech-2022-119-1-113x150.jpg 113w, https:\/\/www.missdefrance.fr\/wp-content\/uploads\/2022\/11\/Marrakech-2022-119-1-768x1023.jpg 768w, https:\/\/www.missdefrance.fr\/wp-content\/uploads\/2022\/11\/Marrakech-2022-119-1-1153x1536.jpg 1153w, https:\/\/www.missdefrance.fr\/wp-content\/uploads\/2022\/11\/Marrakech-2022-119-1-1140x1519.jpg 1140w, https:\/\/www.missdefrance.fr\/wp-content\/uploads\/2022\/11\/Marrakech-2022-119-1.jpg 1537w\" sizes=\"(max-width: 428px) 100vw, 428px\" \/><\/figure><\/li><li class=\"blocks-gallery-item\"><figure><img decoding=\"async\" loading=\"lazy\" width=\"428\" height=\"570\" src=\"https:\/\/www.missdefrance.fr\/wp-content\/uploads\/2022\/11\/Marrakech-2022-120-1-428x570.jpg\" alt=\"\" data-id=\"3057\" data-full-url=\"https:\/\/www.missdefrance.fr\/wp-content\/uploads\/2022\/11\/Marrakech-2022-120-1.jpg\" data-link=\"https:\/\/www.missdefrance.fr\/?attachment_id=3057\" class=\"wp-image-3057\" srcset=\"https:\/\/www.missdefrance.fr\/wp-content\/uploads\/2022\/11\/Marrakech-2022-120-1-428x570.jpg 428w, https:\/\/www.missdefrance.fr\/wp-content\/uploads\/2022\/11\/Marrakech-2022-120-1-188x250.jpg 188w, https:\/\/www.missdefrance.fr\/wp-content\/uploads\/2022\/11\/Marrakech-2022-120-1-113x150.jpg 113w, https:\/\/www.missdefrance.fr\/wp-content\/uploads\/2022\/11\/Marrakech-2022-120-1-768x1023.jpg 768w, https:\/\/www.missdefrance.fr\/wp-content\/uploads\/2022\/11\/Marrakech-2022-120-1-1153x1536.jpg 1153w, https:\/\/www.missdefrance.fr\/wp-content\/uploads\/2022\/11\/Marrakech-2022-120-1-1140x1519.jpg 1140w, https:\/\/www.missdefrance.fr\/wp-content\/uploads\/2022\/11\/Marrakech-2022-120-1.jpg 1537w\" sizes=\"(max-width: 428px) 100vw, 428px\" \/><\/figure><\/li><li class=\"blocks-gallery-item\"><figure><img decoding=\"async\" loading=\"lazy\" width=\"428\" height=\"570\" src=\"https:\/\/www.missdefrance.fr\/wp-content\/uploads\/2022\/11\/Marrakech-2022-122-1-428x570.jpg\" alt=\"\" data-id=\"3058\" data-full-url=\"https:\/\/www.missdefrance.fr\/wp-content\/uploads\/2022\/11\/Marrakech-2022-122-1.jpg\" data-link=\"https:\/\/www.missdefrance.fr\/?attachment_id=3058\" class=\"wp-image-3058\" srcset=\"https:\/\/www.missdefrance.fr\/wp-content\/uploads\/2022\/11\/Marrakech-2022-122-1-428x570.jpg 428w, https:\/\/www.missdefrance.fr\/wp-content\/uploads\/2022\/11\/Marrakech-2022-122-1-188x250.jpg 188w, https:\/\/www.missdefrance.fr\/wp-content\/uploads\/2022\/11\/Marrakech-2022-122-1-113x150.jpg 113w, https:\/\/www.missdefrance.fr\/wp-content\/uploads\/2022\/11\/Marrakech-2022-122-1-768x1023.jpg 768w, https:\/\/www.missdefrance.fr\/wp-content\/uploads\/2022\/11\/Marrakech-2022-122-1-1153x1536.jpg 1153w, https:\/\/www.missdefrance.fr\/wp-content\/uploads\/2022\/11\/Marrakech-2022-122-1-1140x1519.jpg 1140w, https:\/\/www.missdefrance.fr\/wp-content\/uploads\/2022\/11\/Marrakech-2022-122-1.jpg 1537w\" sizes=\"(max-width: 428px) 100vw, 428px\" \/><\/figure><\/li><li class=\"blocks-gallery-item\"><figure><img decoding=\"async\" loading=\"lazy\" width=\"570\" height=\"428\" src=\"https:\/\/www.missdefrance.fr\/wp-content\/uploads\/2022\/11\/Marrakech-2022-123-1-570x428.jpg\" alt=\"\" data-id=\"3059\" data-full-url=\"https:\/\/www.missdefrance.fr\/wp-content\/uploads\/2022\/11\/Marrakech-2022-123-1.jpg\" data-link=\"https:\/\/www.missdefrance.fr\/?attachment_id=3059\" class=\"wp-image-3059\" srcset=\"https:\/\/www.missdefrance.fr\/wp-content\/uploads\/2022\/11\/Marrakech-2022-123-1-570x428.jpg 570w, https:\/\/www.missdefrance.fr\/wp-content\/uploads\/2022\/11\/Marrakech-2022-123-1-250x188.jpg 250w, https:\/\/www.missdefrance.fr\/wp-content\/uploads\/2022\/11\/Marrakech-2022-123-1-150x113.jpg 150w, https:\/\/www.missdefrance.fr\/wp-content\/uploads\/2022\/11\/Marrakech-2022-123-1-768x576.jpg 768w, https:\/\/www.missdefrance.fr\/wp-content\/uploads\/2022\/11\/Marrakech-2022-123-1-1536x1152.jpg 1536w, https:\/\/www.missdefrance.fr\/wp-content\/uploads\/2022\/11\/Marrakech-2022-123-1-1140x855.jpg 1140w, https:\/\/www.missdefrance.fr\/wp-content\/uploads\/2022\/11\/Marrakech-2022-123-1.jpg 2048w\" sizes=\"(max-width: 570px) 100vw, 570px\" \/><\/figure><\/li><li class=\"blocks-gallery-item\"><figure><img decoding=\"async\" loading=\"lazy\" width=\"428\" height=\"570\" src=\"https:\/\/www.missdefrance.fr\/wp-content\/uploads\/2022\/11\/Marrakech-2022-124-1-428x570.jpg\" alt=\"\" data-id=\"3060\" data-full-url=\"https:\/\/www.missdefrance.fr\/wp-content\/uploads\/2022\/11\/Marrakech-2022-124-1.jpg\" data-link=\"https:\/\/www.missdefrance.fr\/?attachment_id=3060\" class=\"wp-image-3060\" srcset=\"https:\/\/www.missdefrance.fr\/wp-content\/uploads\/2022\/11\/Marrakech-2022-124-1-428x570.jpg 428w, https:\/\/www.missdefrance.fr\/wp-content\/uploads\/2022\/11\/Marrakech-2022-124-1-188x250.jpg 188w, https:\/\/www.missdefrance.fr\/wp-content\/uploads\/2022\/11\/Marrakech-2022-124-1-113x150.jpg 113w, https:\/\/www.missdefrance.fr\/wp-content\/uploads\/2022\/11\/Marrakech-2022-124-1-768x1024.jpg 768w, https:\/\/www.missdefrance.fr\/wp-content\/uploads\/2022\/11\/Marrakech-2022-124-1-1152x1536.jpg 1152w, https:\/\/www.missdefrance.fr\/wp-content\/uploads\/2022\/11\/Marrakech-2022-124-1-1140x1520.jpg 1140w, https:\/\/www.missdefrance.fr\/wp-content\/uploads\/2022\/11\/Marrakech-2022-124-1.jpg 1536w\" sizes=\"(max-width: 428px) 100vw, 428px\" \/><\/figure><\/li><\/ul><\/figure>\n\n\n\n<p>Mais surtout nous nous sommes d\u00e9lect\u00e9s des odeurs et saveurs qu&rsquo;offre la ville : Le caf\u00e9 des \u00e9pices, le souk caf\u00e9, chez Zaza&#8230; Et avons profit\u00e9 \u00e9galement de nuits dans de magnifiques Riads : les Bougainvilliers, le Kitula.<\/p>\n\n\n\n<figure class=\"is-layout-flex wp-block-gallery-3 wp-block-gallery columns-3 is-cropped\"><ul class=\"blocks-gallery-grid\"><li class=\"blocks-gallery-item\"><figure><img decoding=\"async\" loading=\"lazy\" width=\"570\" height=\"570\" src=\"https:\/\/www.missdefrance.fr\/wp-content\/uploads\/2022\/11\/Marrakech-2022-1-2-570x570.jpg\" alt=\"\" data-id=\"3062\" data-full-url=\"https:\/\/www.missdefrance.fr\/wp-content\/uploads\/2022\/11\/Marrakech-2022-1-2.jpg\" data-link=\"https:\/\/www.missdefrance.fr\/?attachment_id=3062\" class=\"wp-image-3062\" srcset=\"https:\/\/www.missdefrance.fr\/wp-content\/uploads\/2022\/11\/Marrakech-2022-1-2-570x570.jpg 570w, https:\/\/www.missdefrance.fr\/wp-content\/uploads\/2022\/11\/Marrakech-2022-1-2-250x250.jpg 250w, https:\/\/www.missdefrance.fr\/wp-content\/uploads\/2022\/11\/Marrakech-2022-1-2-150x150.jpg 150w, https:\/\/www.missdefrance.fr\/wp-content\/uploads\/2022\/11\/Marrakech-2022-1-2-768x768.jpg 768w, https:\/\/www.missdefrance.fr\/wp-content\/uploads\/2022\/11\/Marrakech-2022-1-2-1536x1536.jpg 1536w, https:\/\/www.missdefrance.fr\/wp-content\/uploads\/2022\/11\/Marrakech-2022-1-2-1140x1140.jpg 1140w, https:\/\/www.missdefrance.fr\/wp-content\/uploads\/2022\/11\/Marrakech-2022-1-2-300x300.jpg 300w, https:\/\/www.missdefrance.fr\/wp-content\/uploads\/2022\/11\/Marrakech-2022-1-2-75x75.jpg 75w, https:\/\/www.missdefrance.fr\/wp-content\/uploads\/2022\/11\/Marrakech-2022-1-2.jpg 2048w\" sizes=\"(max-width: 570px) 100vw, 570px\" \/><\/figure><\/li><li class=\"blocks-gallery-item\"><figure><img decoding=\"async\" loading=\"lazy\" width=\"570\" height=\"570\" src=\"https:\/\/www.missdefrance.fr\/wp-content\/uploads\/2022\/11\/Marrakech-2022-8-1-570x570.jpg\" alt=\"\" data-id=\"3063\" data-full-url=\"https:\/\/www.missdefrance.fr\/wp-content\/uploads\/2022\/11\/Marrakech-2022-8-1.jpg\" data-link=\"https:\/\/www.missdefrance.fr\/?attachment_id=3063\" class=\"wp-image-3063\" srcset=\"https:\/\/www.missdefrance.fr\/wp-content\/uploads\/2022\/11\/Marrakech-2022-8-1-570x570.jpg 570w, https:\/\/www.missdefrance.fr\/wp-content\/uploads\/2022\/11\/Marrakech-2022-8-1-250x250.jpg 250w, https:\/\/www.missdefrance.fr\/wp-content\/uploads\/2022\/11\/Marrakech-2022-8-1-150x150.jpg 150w, https:\/\/www.missdefrance.fr\/wp-content\/uploads\/2022\/11\/Marrakech-2022-8-1-768x768.jpg 768w, https:\/\/www.missdefrance.fr\/wp-content\/uploads\/2022\/11\/Marrakech-2022-8-1-1536x1536.jpg 1536w, https:\/\/www.missdefrance.fr\/wp-content\/uploads\/2022\/11\/Marrakech-2022-8-1-1140x1140.jpg 1140w, https:\/\/www.missdefrance.fr\/wp-content\/uploads\/2022\/11\/Marrakech-2022-8-1-300x300.jpg 300w, https:\/\/www.missdefrance.fr\/wp-content\/uploads\/2022\/11\/Marrakech-2022-8-1-75x75.jpg 75w, https:\/\/www.missdefrance.fr\/wp-content\/uploads\/2022\/11\/Marrakech-2022-8-1.jpg 2048w\" sizes=\"(max-width: 570px) 100vw, 570px\" \/><\/figure><\/li><li class=\"blocks-gallery-item\"><figure><img decoding=\"async\" loading=\"lazy\" width=\"570\" height=\"570\" src=\"https:\/\/www.missdefrance.fr\/wp-content\/uploads\/2022\/11\/Marrakech-2022-9-1-570x570.jpg\" alt=\"\" data-id=\"3064\" data-full-url=\"https:\/\/www.missdefrance.fr\/wp-content\/uploads\/2022\/11\/Marrakech-2022-9-1.jpg\" data-link=\"https:\/\/www.missdefrance.fr\/?attachment_id=3064\" class=\"wp-image-3064\" srcset=\"https:\/\/www.missdefrance.fr\/wp-content\/uploads\/2022\/11\/Marrakech-2022-9-1-570x570.jpg 570w, https:\/\/www.missdefrance.fr\/wp-content\/uploads\/2022\/11\/Marrakech-2022-9-1-250x250.jpg 250w, https:\/\/www.missdefrance.fr\/wp-content\/uploads\/2022\/11\/Marrakech-2022-9-1-150x150.jpg 150w, https:\/\/www.missdefrance.fr\/wp-content\/uploads\/2022\/11\/Marrakech-2022-9-1-768x768.jpg 768w, https:\/\/www.missdefrance.fr\/wp-content\/uploads\/2022\/11\/Marrakech-2022-9-1-1536x1536.jpg 1536w, https:\/\/www.missdefrance.fr\/wp-content\/uploads\/2022\/11\/Marrakech-2022-9-1-1140x1140.jpg 1140w, https:\/\/www.missdefrance.fr\/wp-content\/uploads\/2022\/11\/Marrakech-2022-9-1-300x300.jpg 300w, https:\/\/www.missdefrance.fr\/wp-content\/uploads\/2022\/11\/Marrakech-2022-9-1-75x75.jpg 75w, https:\/\/www.missdefrance.fr\/wp-content\/uploads\/2022\/11\/Marrakech-2022-9-1.jpg 2048w\" sizes=\"(max-width: 570px) 100vw, 570px\" \/><\/figure><\/li><li class=\"blocks-gallery-item\"><figure><img decoding=\"async\" loading=\"lazy\" width=\"570\" height=\"570\" src=\"https:\/\/www.missdefrance.fr\/wp-content\/uploads\/2022\/11\/Marrakech-2022-18-1-570x570.jpg\" alt=\"\" data-id=\"3065\" data-full-url=\"https:\/\/www.missdefrance.fr\/wp-content\/uploads\/2022\/11\/Marrakech-2022-18-1.jpg\" data-link=\"https:\/\/www.missdefrance.fr\/?attachment_id=3065\" class=\"wp-image-3065\" srcset=\"https:\/\/www.missdefrance.fr\/wp-content\/uploads\/2022\/11\/Marrakech-2022-18-1-570x570.jpg 570w, https:\/\/www.missdefrance.fr\/wp-content\/uploads\/2022\/11\/Marrakech-2022-18-1-250x250.jpg 250w, https:\/\/www.missdefrance.fr\/wp-content\/uploads\/2022\/11\/Marrakech-2022-18-1-150x150.jpg 150w, https:\/\/www.missdefrance.fr\/wp-content\/uploads\/2022\/11\/Marrakech-2022-18-1-768x768.jpg 768w, https:\/\/www.missdefrance.fr\/wp-content\/uploads\/2022\/11\/Marrakech-2022-18-1-1536x1536.jpg 1536w, https:\/\/www.missdefrance.fr\/wp-content\/uploads\/2022\/11\/Marrakech-2022-18-1-1140x1140.jpg 1140w, https:\/\/www.missdefrance.fr\/wp-content\/uploads\/2022\/11\/Marrakech-2022-18-1-300x300.jpg 300w, https:\/\/www.missdefrance.fr\/wp-content\/uploads\/2022\/11\/Marrakech-2022-18-1-75x75.jpg 75w, https:\/\/www.missdefrance.fr\/wp-content\/uploads\/2022\/11\/Marrakech-2022-18-1.jpg 2048w\" sizes=\"(max-width: 570px) 100vw, 570px\" \/><\/figure><\/li><li class=\"blocks-gallery-item\"><figure><img decoding=\"async\" loading=\"lazy\" width=\"351\" height=\"570\" src=\"https:\/\/www.missdefrance.fr\/wp-content\/uploads\/2022\/11\/Marrakech-2022-80-351x570.jpg\" alt=\"\" data-id=\"3079\" data-full-url=\"https:\/\/www.missdefrance.fr\/wp-content\/uploads\/2022\/11\/Marrakech-2022-80.jpg\" data-link=\"https:\/\/www.missdefrance.fr\/?attachment_id=3079\" class=\"wp-image-3079\" srcset=\"https:\/\/www.missdefrance.fr\/wp-content\/uploads\/2022\/11\/Marrakech-2022-80-351x570.jpg 351w, https:\/\/www.missdefrance.fr\/wp-content\/uploads\/2022\/11\/Marrakech-2022-80-154x250.jpg 154w, https:\/\/www.missdefrance.fr\/wp-content\/uploads\/2022\/11\/Marrakech-2022-80-92x150.jpg 92w, https:\/\/www.missdefrance.fr\/wp-content\/uploads\/2022\/11\/Marrakech-2022-80-768x1247.jpg 768w, https:\/\/www.missdefrance.fr\/wp-content\/uploads\/2022\/11\/Marrakech-2022-80-946x1536.jpg 946w, https:\/\/www.missdefrance.fr\/wp-content\/uploads\/2022\/11\/Marrakech-2022-80-1140x1851.jpg 1140w, https:\/\/www.missdefrance.fr\/wp-content\/uploads\/2022\/11\/Marrakech-2022-80.jpg 1261w\" sizes=\"(max-width: 351px) 100vw, 351px\" \/><\/figure><\/li><li class=\"blocks-gallery-item\"><figure><img decoding=\"async\" loading=\"lazy\" width=\"380\" height=\"570\" src=\"https:\/\/www.missdefrance.fr\/wp-content\/uploads\/2022\/11\/Marrakech-2022-59-1-380x570.jpg\" alt=\"\" data-id=\"3066\" data-full-url=\"https:\/\/www.missdefrance.fr\/wp-content\/uploads\/2022\/11\/Marrakech-2022-59-1.jpg\" data-link=\"https:\/\/www.missdefrance.fr\/?attachment_id=3066\" class=\"wp-image-3066\" srcset=\"https:\/\/www.missdefrance.fr\/wp-content\/uploads\/2022\/11\/Marrakech-2022-59-1-380x570.jpg 380w, https:\/\/www.missdefrance.fr\/wp-content\/uploads\/2022\/11\/Marrakech-2022-59-1-167x250.jpg 167w, https:\/\/www.missdefrance.fr\/wp-content\/uploads\/2022\/11\/Marrakech-2022-59-1-100x150.jpg 100w, https:\/\/www.missdefrance.fr\/wp-content\/uploads\/2022\/11\/Marrakech-2022-59-1-768x1152.jpg 768w, https:\/\/www.missdefrance.fr\/wp-content\/uploads\/2022\/11\/Marrakech-2022-59-1-1024x1536.jpg 1024w, https:\/\/www.missdefrance.fr\/wp-content\/uploads\/2022\/11\/Marrakech-2022-59-1-1140x1710.jpg 1140w, https:\/\/www.missdefrance.fr\/wp-content\/uploads\/2022\/11\/Marrakech-2022-59-1.jpg 1365w\" sizes=\"(max-width: 380px) 100vw, 380px\" \/><\/figure><\/li><li class=\"blocks-gallery-item\"><figure><img decoding=\"async\" loading=\"lazy\" width=\"380\" height=\"570\" src=\"https:\/\/www.missdefrance.fr\/wp-content\/uploads\/2022\/11\/Marrakech-2022-60-1-380x570.jpg\" alt=\"\" data-id=\"3067\" data-full-url=\"https:\/\/www.missdefrance.fr\/wp-content\/uploads\/2022\/11\/Marrakech-2022-60-1.jpg\" data-link=\"https:\/\/www.missdefrance.fr\/?attachment_id=3067\" class=\"wp-image-3067\" srcset=\"https:\/\/www.missdefrance.fr\/wp-content\/uploads\/2022\/11\/Marrakech-2022-60-1-380x570.jpg 380w, https:\/\/www.missdefrance.fr\/wp-content\/uploads\/2022\/11\/Marrakech-2022-60-1-167x250.jpg 167w, https:\/\/www.missdefrance.fr\/wp-content\/uploads\/2022\/11\/Marrakech-2022-60-1-100x150.jpg 100w, https:\/\/www.missdefrance.fr\/wp-content\/uploads\/2022\/11\/Marrakech-2022-60-1-768x1152.jpg 768w, https:\/\/www.missdefrance.fr\/wp-content\/uploads\/2022\/11\/Marrakech-2022-60-1-1024x1536.jpg 1024w, https:\/\/www.missdefrance.fr\/wp-content\/uploads\/2022\/11\/Marrakech-2022-60-1-1140x1710.jpg 1140w, https:\/\/www.missdefrance.fr\/wp-content\/uploads\/2022\/11\/Marrakech-2022-60-1.jpg 1365w\" sizes=\"(max-width: 380px) 100vw, 380px\" \/><\/figure><\/li><li class=\"blocks-gallery-item\"><figure><img decoding=\"async\" loading=\"lazy\" width=\"380\" height=\"570\" src=\"https:\/\/www.missdefrance.fr\/wp-content\/uploads\/2022\/11\/Marrakech-2022-68-1-380x570.jpg\" alt=\"\" data-id=\"3068\" data-full-url=\"https:\/\/www.missdefrance.fr\/wp-content\/uploads\/2022\/11\/Marrakech-2022-68-1.jpg\" data-link=\"https:\/\/www.missdefrance.fr\/?attachment_id=3068\" class=\"wp-image-3068\" srcset=\"https:\/\/www.missdefrance.fr\/wp-content\/uploads\/2022\/11\/Marrakech-2022-68-1-380x570.jpg 380w, https:\/\/www.missdefrance.fr\/wp-content\/uploads\/2022\/11\/Marrakech-2022-68-1-167x250.jpg 167w, https:\/\/www.missdefrance.fr\/wp-content\/uploads\/2022\/11\/Marrakech-2022-68-1-100x150.jpg 100w, https:\/\/www.missdefrance.fr\/wp-content\/uploads\/2022\/11\/Marrakech-2022-68-1-768x1152.jpg 768w, https:\/\/www.missdefrance.fr\/wp-content\/uploads\/2022\/11\/Marrakech-2022-68-1-1024x1536.jpg 1024w, https:\/\/www.missdefrance.fr\/wp-content\/uploads\/2022\/11\/Marrakech-2022-68-1-1140x1710.jpg 1140w, https:\/\/www.missdefrance.fr\/wp-content\/uploads\/2022\/11\/Marrakech-2022-68-1.jpg 1365w\" sizes=\"(max-width: 380px) 100vw, 380px\" \/><\/figure><\/li><li class=\"blocks-gallery-item\"><figure><img decoding=\"async\" loading=\"lazy\" width=\"380\" height=\"570\" src=\"https:\/\/www.missdefrance.fr\/wp-content\/uploads\/2022\/11\/Marrakech-2022-71-1-380x570.jpg\" alt=\"\" data-id=\"3071\" data-full-url=\"https:\/\/www.missdefrance.fr\/wp-content\/uploads\/2022\/11\/Marrakech-2022-71-1.jpg\" data-link=\"https:\/\/www.missdefrance.fr\/?attachment_id=3071\" class=\"wp-image-3071\" srcset=\"https:\/\/www.missdefrance.fr\/wp-content\/uploads\/2022\/11\/Marrakech-2022-71-1-380x570.jpg 380w, https:\/\/www.missdefrance.fr\/wp-content\/uploads\/2022\/11\/Marrakech-2022-71-1-167x250.jpg 167w, https:\/\/www.missdefrance.fr\/wp-content\/uploads\/2022\/11\/Marrakech-2022-71-1-100x150.jpg 100w, https:\/\/www.missdefrance.fr\/wp-content\/uploads\/2022\/11\/Marrakech-2022-71-1-768x1152.jpg 768w, https:\/\/www.missdefrance.fr\/wp-content\/uploads\/2022\/11\/Marrakech-2022-71-1-1024x1536.jpg 1024w, https:\/\/www.missdefrance.fr\/wp-content\/uploads\/2022\/11\/Marrakech-2022-71-1-1140x1710.jpg 1140w, https:\/\/www.missdefrance.fr\/wp-content\/uploads\/2022\/11\/Marrakech-2022-71-1.jpg 1365w\" sizes=\"(max-width: 380px) 100vw, 380px\" \/><\/figure><\/li><li class=\"blocks-gallery-item\"><figure><img decoding=\"async\" loading=\"lazy\" width=\"380\" height=\"570\" src=\"https:\/\/www.missdefrance.fr\/wp-content\/uploads\/2022\/11\/Marrakech-2022-70-1-380x570.jpg\" alt=\"\" data-id=\"3070\" data-full-url=\"https:\/\/www.missdefrance.fr\/wp-content\/uploads\/2022\/11\/Marrakech-2022-70-1.jpg\" data-link=\"https:\/\/www.missdefrance.fr\/?attachment_id=3070\" class=\"wp-image-3070\" srcset=\"https:\/\/www.missdefrance.fr\/wp-content\/uploads\/2022\/11\/Marrakech-2022-70-1-380x570.jpg 380w, https:\/\/www.missdefrance.fr\/wp-content\/uploads\/2022\/11\/Marrakech-2022-70-1-167x250.jpg 167w, https:\/\/www.missdefrance.fr\/wp-content\/uploads\/2022\/11\/Marrakech-2022-70-1-100x150.jpg 100w, https:\/\/www.missdefrance.fr\/wp-content\/uploads\/2022\/11\/Marrakech-2022-70-1-768x1152.jpg 768w, https:\/\/www.missdefrance.fr\/wp-content\/uploads\/2022\/11\/Marrakech-2022-70-1-1024x1536.jpg 1024w, https:\/\/www.missdefrance.fr\/wp-content\/uploads\/2022\/11\/Marrakech-2022-70-1-1140x1710.jpg 1140w, https:\/\/www.missdefrance.fr\/wp-content\/uploads\/2022\/11\/Marrakech-2022-70-1.jpg 1365w\" sizes=\"(max-width: 380px) 100vw, 380px\" \/><\/figure><\/li><li class=\"blocks-gallery-item\"><figure><img decoding=\"async\" loading=\"lazy\" width=\"380\" height=\"570\" src=\"https:\/\/www.missdefrance.fr\/wp-content\/uploads\/2022\/11\/Marrakech-2022-72-1-380x570.jpg\" alt=\"\" data-id=\"3072\" data-full-url=\"https:\/\/www.missdefrance.fr\/wp-content\/uploads\/2022\/11\/Marrakech-2022-72-1.jpg\" data-link=\"https:\/\/www.missdefrance.fr\/?attachment_id=3072\" class=\"wp-image-3072\" srcset=\"https:\/\/www.missdefrance.fr\/wp-content\/uploads\/2022\/11\/Marrakech-2022-72-1-380x570.jpg 380w, https:\/\/www.missdefrance.fr\/wp-content\/uploads\/2022\/11\/Marrakech-2022-72-1-167x250.jpg 167w, https:\/\/www.missdefrance.fr\/wp-content\/uploads\/2022\/11\/Marrakech-2022-72-1-100x150.jpg 100w, https:\/\/www.missdefrance.fr\/wp-content\/uploads\/2022\/11\/Marrakech-2022-72-1-768x1152.jpg 768w, https:\/\/www.missdefrance.fr\/wp-content\/uploads\/2022\/11\/Marrakech-2022-72-1-1024x1536.jpg 1024w, https:\/\/www.missdefrance.fr\/wp-content\/uploads\/2022\/11\/Marrakech-2022-72-1-1140x1710.jpg 1140w, https:\/\/www.missdefrance.fr\/wp-content\/uploads\/2022\/11\/Marrakech-2022-72-1.jpg 1365w\" sizes=\"(max-width: 380px) 100vw, 380px\" \/><\/figure><\/li><li class=\"blocks-gallery-item\"><figure><img decoding=\"async\" loading=\"lazy\" width=\"380\" height=\"570\" src=\"https:\/\/www.missdefrance.fr\/wp-content\/uploads\/2022\/11\/Marrakech-2022-74-1-380x570.jpg\" alt=\"\" data-id=\"3075\" data-full-url=\"https:\/\/www.missdefrance.fr\/wp-content\/uploads\/2022\/11\/Marrakech-2022-74-1.jpg\" data-link=\"https:\/\/www.missdefrance.fr\/?attachment_id=3075\" class=\"wp-image-3075\" srcset=\"https:\/\/www.missdefrance.fr\/wp-content\/uploads\/2022\/11\/Marrakech-2022-74-1-380x570.jpg 380w, https:\/\/www.missdefrance.fr\/wp-content\/uploads\/2022\/11\/Marrakech-2022-74-1-167x250.jpg 167w, https:\/\/www.missdefrance.fr\/wp-content\/uploads\/2022\/11\/Marrakech-2022-74-1-100x150.jpg 100w, https:\/\/www.missdefrance.fr\/wp-content\/uploads\/2022\/11\/Marrakech-2022-74-1-768x1152.jpg 768w, https:\/\/www.missdefrance.fr\/wp-content\/uploads\/2022\/11\/Marrakech-2022-74-1-1024x1536.jpg 1024w, https:\/\/www.missdefrance.fr\/wp-content\/uploads\/2022\/11\/Marrakech-2022-74-1-1140x1710.jpg 1140w, https:\/\/www.missdefrance.fr\/wp-content\/uploads\/2022\/11\/Marrakech-2022-74-1.jpg 1365w\" sizes=\"(max-width: 380px) 100vw, 380px\" \/><\/figure><\/li><li class=\"blocks-gallery-item\"><figure><img decoding=\"async\" loading=\"lazy\" width=\"570\" height=\"380\" src=\"https:\/\/www.missdefrance.fr\/wp-content\/uploads\/2022\/11\/Marrakech-2022-75-1-570x380.jpg\" alt=\"\" data-id=\"3076\" data-full-url=\"https:\/\/www.missdefrance.fr\/wp-content\/uploads\/2022\/11\/Marrakech-2022-75-1.jpg\" data-link=\"https:\/\/www.missdefrance.fr\/?attachment_id=3076\" class=\"wp-image-3076\" srcset=\"https:\/\/www.missdefrance.fr\/wp-content\/uploads\/2022\/11\/Marrakech-2022-75-1-570x380.jpg 570w, https:\/\/www.missdefrance.fr\/wp-content\/uploads\/2022\/11\/Marrakech-2022-75-1-250x167.jpg 250w, https:\/\/www.missdefrance.fr\/wp-content\/uploads\/2022\/11\/Marrakech-2022-75-1-150x100.jpg 150w, https:\/\/www.missdefrance.fr\/wp-content\/uploads\/2022\/11\/Marrakech-2022-75-1-768x512.jpg 768w, https:\/\/www.missdefrance.fr\/wp-content\/uploads\/2022\/11\/Marrakech-2022-75-1-1536x1024.jpg 1536w, https:\/\/www.missdefrance.fr\/wp-content\/uploads\/2022\/11\/Marrakech-2022-75-1-1140x760.jpg 1140w, https:\/\/www.missdefrance.fr\/wp-content\/uploads\/2022\/11\/Marrakech-2022-75-1.jpg 2048w\" sizes=\"(max-width: 570px) 100vw, 570px\" \/><\/figure><\/li><li class=\"blocks-gallery-item\"><figure><img decoding=\"async\" loading=\"lazy\" width=\"380\" height=\"570\" src=\"https:\/\/www.missdefrance.fr\/wp-content\/uploads\/2022\/11\/Marrakech-2022-73-2-380x570.jpg\" alt=\"\" data-id=\"3073\" data-full-url=\"https:\/\/www.missdefrance.fr\/wp-content\/uploads\/2022\/11\/Marrakech-2022-73-2.jpg\" data-link=\"https:\/\/www.missdefrance.fr\/?attachment_id=3073\" class=\"wp-image-3073\" srcset=\"https:\/\/www.missdefrance.fr\/wp-content\/uploads\/2022\/11\/Marrakech-2022-73-2-380x570.jpg 380w, https:\/\/www.missdefrance.fr\/wp-content\/uploads\/2022\/11\/Marrakech-2022-73-2-167x250.jpg 167w, https:\/\/www.missdefrance.fr\/wp-content\/uploads\/2022\/11\/Marrakech-2022-73-2-100x150.jpg 100w, https:\/\/www.missdefrance.fr\/wp-content\/uploads\/2022\/11\/Marrakech-2022-73-2-768x1152.jpg 768w, https:\/\/www.missdefrance.fr\/wp-content\/uploads\/2022\/11\/Marrakech-2022-73-2-1024x1536.jpg 1024w, https:\/\/www.missdefrance.fr\/wp-content\/uploads\/2022\/11\/Marrakech-2022-73-2-1140x1710.jpg 1140w, https:\/\/www.missdefrance.fr\/wp-content\/uploads\/2022\/11\/Marrakech-2022-73-2.jpg 1365w\" sizes=\"(max-width: 380px) 100vw, 380px\" \/><\/figure><\/li><\/ul><\/figure>\n\n\n\n<p>Puis nous sommes partis un peu plus loin cette fois en direction de quelques villages berb\u00e8res de l&rsquo;Atlas loin de l&rsquo;agitation de la ville. Croiser des moutons, des transporteurs de fruits \u00e0 mobylette, des artisans potiers&#8230; Le tout en mangeant tous ensemble le tajine avec les mains !<\/p>\n\n\n\n<figure class=\"is-layout-flex wp-block-gallery-5 wp-block-gallery columns-3 is-cropped\"><ul class=\"blocks-gallery-grid\"><li class=\"blocks-gallery-item\"><figure><img decoding=\"async\" loading=\"lazy\" width=\"570\" height=\"570\" src=\"https:\/\/www.missdefrance.fr\/wp-content\/uploads\/2022\/11\/Marrakech-2022-23-2-570x570.jpg\" alt=\"\" data-id=\"3093\" data-full-url=\"https:\/\/www.missdefrance.fr\/wp-content\/uploads\/2022\/11\/Marrakech-2022-23-2.jpg\" data-link=\"https:\/\/www.missdefrance.fr\/?attachment_id=3093\" class=\"wp-image-3093\" srcset=\"https:\/\/www.missdefrance.fr\/wp-content\/uploads\/2022\/11\/Marrakech-2022-23-2-570x570.jpg 570w, https:\/\/www.missdefrance.fr\/wp-content\/uploads\/2022\/11\/Marrakech-2022-23-2-250x250.jpg 250w, https:\/\/www.missdefrance.fr\/wp-content\/uploads\/2022\/11\/Marrakech-2022-23-2-150x150.jpg 150w, https:\/\/www.missdefrance.fr\/wp-content\/uploads\/2022\/11\/Marrakech-2022-23-2-768x768.jpg 768w, https:\/\/www.missdefrance.fr\/wp-content\/uploads\/2022\/11\/Marrakech-2022-23-2-1536x1536.jpg 1536w, https:\/\/www.missdefrance.fr\/wp-content\/uploads\/2022\/11\/Marrakech-2022-23-2-1140x1140.jpg 1140w, https:\/\/www.missdefrance.fr\/wp-content\/uploads\/2022\/11\/Marrakech-2022-23-2-300x300.jpg 300w, https:\/\/www.missdefrance.fr\/wp-content\/uploads\/2022\/11\/Marrakech-2022-23-2-75x75.jpg 75w, https:\/\/www.missdefrance.fr\/wp-content\/uploads\/2022\/11\/Marrakech-2022-23-2.jpg 2048w\" sizes=\"(max-width: 570px) 100vw, 570px\" \/><\/figure><\/li><li class=\"blocks-gallery-item\"><figure><img decoding=\"async\" loading=\"lazy\" width=\"570\" height=\"570\" src=\"https:\/\/www.missdefrance.fr\/wp-content\/uploads\/2022\/11\/Marrakech-2022-24-1-570x570.jpg\" alt=\"\" data-id=\"3095\" data-full-url=\"https:\/\/www.missdefrance.fr\/wp-content\/uploads\/2022\/11\/Marrakech-2022-24-1.jpg\" data-link=\"https:\/\/www.missdefrance.fr\/?attachment_id=3095\" class=\"wp-image-3095\" srcset=\"https:\/\/www.missdefrance.fr\/wp-content\/uploads\/2022\/11\/Marrakech-2022-24-1-570x570.jpg 570w, https:\/\/www.missdefrance.fr\/wp-content\/uploads\/2022\/11\/Marrakech-2022-24-1-250x250.jpg 250w, https:\/\/www.missdefrance.fr\/wp-content\/uploads\/2022\/11\/Marrakech-2022-24-1-150x150.jpg 150w, https:\/\/www.missdefrance.fr\/wp-content\/uploads\/2022\/11\/Marrakech-2022-24-1-768x768.jpg 768w, https:\/\/www.missdefrance.fr\/wp-content\/uploads\/2022\/11\/Marrakech-2022-24-1-1536x1536.jpg 1536w, https:\/\/www.missdefrance.fr\/wp-content\/uploads\/2022\/11\/Marrakech-2022-24-1-1140x1140.jpg 1140w, https:\/\/www.missdefrance.fr\/wp-content\/uploads\/2022\/11\/Marrakech-2022-24-1-300x300.jpg 300w, https:\/\/www.missdefrance.fr\/wp-content\/uploads\/2022\/11\/Marrakech-2022-24-1-75x75.jpg 75w, https:\/\/www.missdefrance.fr\/wp-content\/uploads\/2022\/11\/Marrakech-2022-24-1.jpg 2048w\" sizes=\"(max-width: 570px) 100vw, 570px\" \/><\/figure><\/li><li class=\"blocks-gallery-item\"><figure><img decoding=\"async\" loading=\"lazy\" width=\"570\" height=\"570\" src=\"https:\/\/www.missdefrance.fr\/wp-content\/uploads\/2022\/11\/Marrakech-2022-25-1-570x570.jpg\" alt=\"\" data-id=\"3096\" data-full-url=\"https:\/\/www.missdefrance.fr\/wp-content\/uploads\/2022\/11\/Marrakech-2022-25-1.jpg\" data-link=\"https:\/\/www.missdefrance.fr\/?attachment_id=3096\" class=\"wp-image-3096\" srcset=\"https:\/\/www.missdefrance.fr\/wp-content\/uploads\/2022\/11\/Marrakech-2022-25-1-570x570.jpg 570w, https:\/\/www.missdefrance.fr\/wp-content\/uploads\/2022\/11\/Marrakech-2022-25-1-250x250.jpg 250w, https:\/\/www.missdefrance.fr\/wp-content\/uploads\/2022\/11\/Marrakech-2022-25-1-150x150.jpg 150w, https:\/\/www.missdefrance.fr\/wp-content\/uploads\/2022\/11\/Marrakech-2022-25-1-768x768.jpg 768w, https:\/\/www.missdefrance.fr\/wp-content\/uploads\/2022\/11\/Marrakech-2022-25-1-1536x1536.jpg 1536w, https:\/\/www.missdefrance.fr\/wp-content\/uploads\/2022\/11\/Marrakech-2022-25-1-1140x1140.jpg 1140w, https:\/\/www.missdefrance.fr\/wp-content\/uploads\/2022\/11\/Marrakech-2022-25-1-300x300.jpg 300w, https:\/\/www.missdefrance.fr\/wp-content\/uploads\/2022\/11\/Marrakech-2022-25-1-75x75.jpg 75w, https:\/\/www.missdefrance.fr\/wp-content\/uploads\/2022\/11\/Marrakech-2022-25-1.jpg 2048w\" sizes=\"(max-width: 570px) 100vw, 570px\" \/><\/figure><\/li><li class=\"blocks-gallery-item\"><figure><img decoding=\"async\" loading=\"lazy\" width=\"570\" height=\"570\" src=\"https:\/\/www.missdefrance.fr\/wp-content\/uploads\/2022\/11\/Marrakech-2022-27-1-570x570.jpg\" alt=\"\" data-id=\"3098\" data-full-url=\"https:\/\/www.missdefrance.fr\/wp-content\/uploads\/2022\/11\/Marrakech-2022-27-1.jpg\" data-link=\"https:\/\/www.missdefrance.fr\/?attachment_id=3098\" class=\"wp-image-3098\" srcset=\"https:\/\/www.missdefrance.fr\/wp-content\/uploads\/2022\/11\/Marrakech-2022-27-1-570x570.jpg 570w, https:\/\/www.missdefrance.fr\/wp-content\/uploads\/2022\/11\/Marrakech-2022-27-1-250x250.jpg 250w, https:\/\/www.missdefrance.fr\/wp-content\/uploads\/2022\/11\/Marrakech-2022-27-1-150x150.jpg 150w, https:\/\/www.missdefrance.fr\/wp-content\/uploads\/2022\/11\/Marrakech-2022-27-1-768x768.jpg 768w, https:\/\/www.missdefrance.fr\/wp-content\/uploads\/2022\/11\/Marrakech-2022-27-1-1536x1536.jpg 1536w, https:\/\/www.missdefrance.fr\/wp-content\/uploads\/2022\/11\/Marrakech-2022-27-1-1140x1140.jpg 1140w, https:\/\/www.missdefrance.fr\/wp-content\/uploads\/2022\/11\/Marrakech-2022-27-1-300x300.jpg 300w, https:\/\/www.missdefrance.fr\/wp-content\/uploads\/2022\/11\/Marrakech-2022-27-1-75x75.jpg 75w, https:\/\/www.missdefrance.fr\/wp-content\/uploads\/2022\/11\/Marrakech-2022-27-1.jpg 2048w\" sizes=\"(max-width: 570px) 100vw, 570px\" \/><\/figure><\/li><li class=\"blocks-gallery-item\"><figure><img decoding=\"async\" loading=\"lazy\" width=\"570\" height=\"570\" src=\"https:\/\/www.missdefrance.fr\/wp-content\/uploads\/2022\/11\/Marrakech-2022-28-1-570x570.jpg\" alt=\"\" data-id=\"3099\" data-full-url=\"https:\/\/www.missdefrance.fr\/wp-content\/uploads\/2022\/11\/Marrakech-2022-28-1.jpg\" data-link=\"https:\/\/www.missdefrance.fr\/?attachment_id=3099\" class=\"wp-image-3099\" srcset=\"https:\/\/www.missdefrance.fr\/wp-content\/uploads\/2022\/11\/Marrakech-2022-28-1-570x570.jpg 570w, https:\/\/www.missdefrance.fr\/wp-content\/uploads\/2022\/11\/Marrakech-2022-28-1-250x250.jpg 250w, https:\/\/www.missdefrance.fr\/wp-content\/uploads\/2022\/11\/Marrakech-2022-28-1-150x150.jpg 150w, https:\/\/www.missdefrance.fr\/wp-content\/uploads\/2022\/11\/Marrakech-2022-28-1-768x768.jpg 768w, https:\/\/www.missdefrance.fr\/wp-content\/uploads\/2022\/11\/Marrakech-2022-28-1-1536x1536.jpg 1536w, https:\/\/www.missdefrance.fr\/wp-content\/uploads\/2022\/11\/Marrakech-2022-28-1-1140x1140.jpg 1140w, https:\/\/www.missdefrance.fr\/wp-content\/uploads\/2022\/11\/Marrakech-2022-28-1-300x300.jpg 300w, https:\/\/www.missdefrance.fr\/wp-content\/uploads\/2022\/11\/Marrakech-2022-28-1-75x75.jpg 75w, https:\/\/www.missdefrance.fr\/wp-content\/uploads\/2022\/11\/Marrakech-2022-28-1.jpg 2048w\" sizes=\"(max-width: 570px) 100vw, 570px\" \/><\/figure><\/li><li class=\"blocks-gallery-item\"><figure><img decoding=\"async\" loading=\"lazy\" width=\"570\" height=\"570\" src=\"https:\/\/www.missdefrance.fr\/wp-content\/uploads\/2022\/11\/Marrakech-2022-31-2-570x570.jpg\" alt=\"\" data-id=\"3102\" data-full-url=\"https:\/\/www.missdefrance.fr\/wp-content\/uploads\/2022\/11\/Marrakech-2022-31-2.jpg\" data-link=\"https:\/\/www.missdefrance.fr\/?attachment_id=3102\" class=\"wp-image-3102\" srcset=\"https:\/\/www.missdefrance.fr\/wp-content\/uploads\/2022\/11\/Marrakech-2022-31-2-570x570.jpg 570w, https:\/\/www.missdefrance.fr\/wp-content\/uploads\/2022\/11\/Marrakech-2022-31-2-250x250.jpg 250w, https:\/\/www.missdefrance.fr\/wp-content\/uploads\/2022\/11\/Marrakech-2022-31-2-150x150.jpg 150w, https:\/\/www.missdefrance.fr\/wp-content\/uploads\/2022\/11\/Marrakech-2022-31-2-768x768.jpg 768w, https:\/\/www.missdefrance.fr\/wp-content\/uploads\/2022\/11\/Marrakech-2022-31-2-1536x1536.jpg 1536w, https:\/\/www.missdefrance.fr\/wp-content\/uploads\/2022\/11\/Marrakech-2022-31-2-1140x1140.jpg 1140w, https:\/\/www.missdefrance.fr\/wp-content\/uploads\/2022\/11\/Marrakech-2022-31-2-300x300.jpg 300w, https:\/\/www.missdefrance.fr\/wp-content\/uploads\/2022\/11\/Marrakech-2022-31-2-75x75.jpg 75w, https:\/\/www.missdefrance.fr\/wp-content\/uploads\/2022\/11\/Marrakech-2022-31-2.jpg 2048w\" sizes=\"(max-width: 570px) 100vw, 570px\" \/><\/figure><\/li><li class=\"blocks-gallery-item\"><figure><img decoding=\"async\" loading=\"lazy\" width=\"570\" height=\"570\" src=\"https:\/\/www.missdefrance.fr\/wp-content\/uploads\/2022\/11\/Marrakech-2022-33-2-570x570.jpg\" alt=\"\" data-id=\"3103\" data-full-url=\"https:\/\/www.missdefrance.fr\/wp-content\/uploads\/2022\/11\/Marrakech-2022-33-2.jpg\" data-link=\"https:\/\/www.missdefrance.fr\/?attachment_id=3103\" class=\"wp-image-3103\" srcset=\"https:\/\/www.missdefrance.fr\/wp-content\/uploads\/2022\/11\/Marrakech-2022-33-2-570x570.jpg 570w, https:\/\/www.missdefrance.fr\/wp-content\/uploads\/2022\/11\/Marrakech-2022-33-2-250x250.jpg 250w, https:\/\/www.missdefrance.fr\/wp-content\/uploads\/2022\/11\/Marrakech-2022-33-2-150x150.jpg 150w, https:\/\/www.missdefrance.fr\/wp-content\/uploads\/2022\/11\/Marrakech-2022-33-2-768x768.jpg 768w, https:\/\/www.missdefrance.fr\/wp-content\/uploads\/2022\/11\/Marrakech-2022-33-2-1536x1536.jpg 1536w, https:\/\/www.missdefrance.fr\/wp-content\/uploads\/2022\/11\/Marrakech-2022-33-2-1140x1140.jpg 1140w, https:\/\/www.missdefrance.fr\/wp-content\/uploads\/2022\/11\/Marrakech-2022-33-2-300x300.jpg 300w, https:\/\/www.missdefrance.fr\/wp-content\/uploads\/2022\/11\/Marrakech-2022-33-2-75x75.jpg 75w, https:\/\/www.missdefrance.fr\/wp-content\/uploads\/2022\/11\/Marrakech-2022-33-2.jpg 2048w\" sizes=\"(max-width: 570px) 100vw, 570px\" \/><\/figure><\/li><li class=\"blocks-gallery-item\"><figure><img decoding=\"async\" loading=\"lazy\" width=\"570\" height=\"570\" src=\"https:\/\/www.missdefrance.fr\/wp-content\/uploads\/2022\/11\/Marrakech-2022-34-2-570x570.jpg\" alt=\"\" data-id=\"3104\" data-full-url=\"https:\/\/www.missdefrance.fr\/wp-content\/uploads\/2022\/11\/Marrakech-2022-34-2.jpg\" data-link=\"https:\/\/www.missdefrance.fr\/?attachment_id=3104\" class=\"wp-image-3104\" srcset=\"https:\/\/www.missdefrance.fr\/wp-content\/uploads\/2022\/11\/Marrakech-2022-34-2-570x570.jpg 570w, https:\/\/www.missdefrance.fr\/wp-content\/uploads\/2022\/11\/Marrakech-2022-34-2-250x250.jpg 250w, https:\/\/www.missdefrance.fr\/wp-content\/uploads\/2022\/11\/Marrakech-2022-34-2-150x150.jpg 150w, https:\/\/www.missdefrance.fr\/wp-content\/uploads\/2022\/11\/Marrakech-2022-34-2-768x768.jpg 768w, https:\/\/www.missdefrance.fr\/wp-content\/uploads\/2022\/11\/Marrakech-2022-34-2-1536x1536.jpg 1536w, https:\/\/www.missdefrance.fr\/wp-content\/uploads\/2022\/11\/Marrakech-2022-34-2-1140x1140.jpg 1140w, https:\/\/www.missdefrance.fr\/wp-content\/uploads\/2022\/11\/Marrakech-2022-34-2-300x300.jpg 300w, https:\/\/www.missdefrance.fr\/wp-content\/uploads\/2022\/11\/Marrakech-2022-34-2-75x75.jpg 75w, https:\/\/www.missdefrance.fr\/wp-content\/uploads\/2022\/11\/Marrakech-2022-34-2.jpg 2048w\" sizes=\"(max-width: 570px) 100vw, 570px\" \/><\/figure><\/li><li class=\"blocks-gallery-item\"><figure><img decoding=\"async\" loading=\"lazy\" width=\"570\" height=\"428\" src=\"https:\/\/www.missdefrance.fr\/wp-content\/uploads\/2022\/11\/Marrakech-2022-110-1-570x428.jpg\" alt=\"\" data-id=\"3106\" data-full-url=\"https:\/\/www.missdefrance.fr\/wp-content\/uploads\/2022\/11\/Marrakech-2022-110-1.jpg\" data-link=\"https:\/\/www.missdefrance.fr\/?attachment_id=3106\" class=\"wp-image-3106\" srcset=\"https:\/\/www.missdefrance.fr\/wp-content\/uploads\/2022\/11\/Marrakech-2022-110-1-570x428.jpg 570w, https:\/\/www.missdefrance.fr\/wp-content\/uploads\/2022\/11\/Marrakech-2022-110-1-250x188.jpg 250w, https:\/\/www.missdefrance.fr\/wp-content\/uploads\/2022\/11\/Marrakech-2022-110-1-150x113.jpg 150w, https:\/\/www.missdefrance.fr\/wp-content\/uploads\/2022\/11\/Marrakech-2022-110-1-768x576.jpg 768w, https:\/\/www.missdefrance.fr\/wp-content\/uploads\/2022\/11\/Marrakech-2022-110-1-1536x1153.jpg 1536w, https:\/\/www.missdefrance.fr\/wp-content\/uploads\/2022\/11\/Marrakech-2022-110-1-1140x856.jpg 1140w, https:\/\/www.missdefrance.fr\/wp-content\/uploads\/2022\/11\/Marrakech-2022-110-1.jpg 2048w\" sizes=\"(max-width: 570px) 100vw, 570px\" \/><\/figure><\/li><li class=\"blocks-gallery-item\"><figure><img decoding=\"async\" loading=\"lazy\" width=\"570\" height=\"428\" src=\"https:\/\/www.missdefrance.fr\/wp-content\/uploads\/2022\/11\/Marrakech-2022-113-1-570x428.jpg\" alt=\"\" data-id=\"3109\" data-full-url=\"https:\/\/www.missdefrance.fr\/wp-content\/uploads\/2022\/11\/Marrakech-2022-113-1.jpg\" data-link=\"https:\/\/www.missdefrance.fr\/?attachment_id=3109\" class=\"wp-image-3109\" srcset=\"https:\/\/www.missdefrance.fr\/wp-content\/uploads\/2022\/11\/Marrakech-2022-113-1-570x428.jpg 570w, https:\/\/www.missdefrance.fr\/wp-content\/uploads\/2022\/11\/Marrakech-2022-113-1-250x188.jpg 250w, https:\/\/www.missdefrance.fr\/wp-content\/uploads\/2022\/11\/Marrakech-2022-113-1-150x113.jpg 150w, https:\/\/www.missdefrance.fr\/wp-content\/uploads\/2022\/11\/Marrakech-2022-113-1-768x576.jpg 768w, https:\/\/www.missdefrance.fr\/wp-content\/uploads\/2022\/11\/Marrakech-2022-113-1-1536x1153.jpg 1536w, https:\/\/www.missdefrance.fr\/wp-content\/uploads\/2022\/11\/Marrakech-2022-113-1-1140x856.jpg 1140w, https:\/\/www.missdefrance.fr\/wp-content\/uploads\/2022\/11\/Marrakech-2022-113-1.jpg 2048w\" sizes=\"(max-width: 570px) 100vw, 570px\" \/><\/figure><\/li><li class=\"blocks-gallery-item\"><figure><img decoding=\"async\" loading=\"lazy\" width=\"428\" height=\"570\" src=\"https:\/\/www.missdefrance.fr\/wp-content\/uploads\/2022\/11\/Marrakech-2022-115-1-428x570.jpg\" alt=\"\" data-id=\"3111\" data-full-url=\"https:\/\/www.missdefrance.fr\/wp-content\/uploads\/2022\/11\/Marrakech-2022-115-1.jpg\" data-link=\"https:\/\/www.missdefrance.fr\/?attachment_id=3111\" class=\"wp-image-3111\" srcset=\"https:\/\/www.missdefrance.fr\/wp-content\/uploads\/2022\/11\/Marrakech-2022-115-1-428x570.jpg 428w, https:\/\/www.missdefrance.fr\/wp-content\/uploads\/2022\/11\/Marrakech-2022-115-1-188x250.jpg 188w, https:\/\/www.missdefrance.fr\/wp-content\/uploads\/2022\/11\/Marrakech-2022-115-1-113x150.jpg 113w, https:\/\/www.missdefrance.fr\/wp-content\/uploads\/2022\/11\/Marrakech-2022-115-1-768x1024.jpg 768w, https:\/\/www.missdefrance.fr\/wp-content\/uploads\/2022\/11\/Marrakech-2022-115-1-1152x1536.jpg 1152w, https:\/\/www.missdefrance.fr\/wp-content\/uploads\/2022\/11\/Marrakech-2022-115-1-1140x1520.jpg 1140w, https:\/\/www.missdefrance.fr\/wp-content\/uploads\/2022\/11\/Marrakech-2022-115-1.jpg 1536w\" sizes=\"(max-width: 428px) 100vw, 428px\" \/><\/figure><\/li><li class=\"blocks-gallery-item\"><figure><img decoding=\"async\" loading=\"lazy\" width=\"428\" height=\"570\" src=\"https:\/\/www.missdefrance.fr\/wp-content\/uploads\/2022\/11\/Marrakech-2022-125-1-428x570.jpg\" alt=\"\" data-id=\"3112\" data-full-url=\"https:\/\/www.missdefrance.fr\/wp-content\/uploads\/2022\/11\/Marrakech-2022-125-1.jpg\" data-link=\"https:\/\/www.missdefrance.fr\/?attachment_id=3112\" class=\"wp-image-3112\" srcset=\"https:\/\/www.missdefrance.fr\/wp-content\/uploads\/2022\/11\/Marrakech-2022-125-1-428x570.jpg 428w, https:\/\/www.missdefrance.fr\/wp-content\/uploads\/2022\/11\/Marrakech-2022-125-1-188x250.jpg 188w, https:\/\/www.missdefrance.fr\/wp-content\/uploads\/2022\/11\/Marrakech-2022-125-1-113x150.jpg 113w, https:\/\/www.missdefrance.fr\/wp-content\/uploads\/2022\/11\/Marrakech-2022-125-1-768x1024.jpg 768w, https:\/\/www.missdefrance.fr\/wp-content\/uploads\/2022\/11\/Marrakech-2022-125-1-1152x1536.jpg 1152w, https:\/\/www.missdefrance.fr\/wp-content\/uploads\/2022\/11\/Marrakech-2022-125-1-1140x1520.jpg 1140w, https:\/\/www.missdefrance.fr\/wp-content\/uploads\/2022\/11\/Marrakech-2022-125-1.jpg 1536w\" sizes=\"(max-width: 428px) 100vw, 428px\" \/><\/figure><\/li><\/ul><\/figure>\n\n\n\n<p>Ce voyage n&rsquo;aurai pas \u00e9t\u00e9 le m\u00eame sans ces deux jours dans le d\u00e9sert d&rsquo;Agafay. D\u00e9sert rocheux a moins d&rsquo;une heure de Marrakech. Au del\u00e0 des activit\u00e9s touristiques : dromadaire, massage&#8230; Ce fut un doux r\u00eave !<\/p>\n\n\n\n<figure class=\"is-layout-flex wp-block-gallery-7 wp-block-gallery columns-3 is-cropped\"><ul class=\"blocks-gallery-grid\"><li class=\"blocks-gallery-item\"><figure><img decoding=\"async\" loading=\"lazy\" width=\"570\" height=\"570\" src=\"https:\/\/www.missdefrance.fr\/wp-content\/uploads\/2022\/11\/Marrakech-2022-35-1-570x570.jpg\" alt=\"\" data-id=\"3113\" data-full-url=\"https:\/\/www.missdefrance.fr\/wp-content\/uploads\/2022\/11\/Marrakech-2022-35-1.jpg\" data-link=\"https:\/\/www.missdefrance.fr\/?attachment_id=3113\" class=\"wp-image-3113\" srcset=\"https:\/\/www.missdefrance.fr\/wp-content\/uploads\/2022\/11\/Marrakech-2022-35-1-570x570.jpg 570w, https:\/\/www.missdefrance.fr\/wp-content\/uploads\/2022\/11\/Marrakech-2022-35-1-250x250.jpg 250w, https:\/\/www.missdefrance.fr\/wp-content\/uploads\/2022\/11\/Marrakech-2022-35-1-150x150.jpg 150w, https:\/\/www.missdefrance.fr\/wp-content\/uploads\/2022\/11\/Marrakech-2022-35-1-768x768.jpg 768w, https:\/\/www.missdefrance.fr\/wp-content\/uploads\/2022\/11\/Marrakech-2022-35-1-1536x1536.jpg 1536w, https:\/\/www.missdefrance.fr\/wp-content\/uploads\/2022\/11\/Marrakech-2022-35-1-1140x1140.jpg 1140w, https:\/\/www.missdefrance.fr\/wp-content\/uploads\/2022\/11\/Marrakech-2022-35-1-300x300.jpg 300w, https:\/\/www.missdefrance.fr\/wp-content\/uploads\/2022\/11\/Marrakech-2022-35-1-75x75.jpg 75w, https:\/\/www.missdefrance.fr\/wp-content\/uploads\/2022\/11\/Marrakech-2022-35-1.jpg 2048w\" sizes=\"(max-width: 570px) 100vw, 570px\" \/><\/figure><\/li><li class=\"blocks-gallery-item\"><figure><img decoding=\"async\" loading=\"lazy\" width=\"570\" height=\"570\" src=\"https:\/\/www.missdefrance.fr\/wp-content\/uploads\/2022\/11\/Marrakech-2022-36-1-570x570.jpg\" alt=\"\" data-id=\"3116\" data-full-url=\"https:\/\/www.missdefrance.fr\/wp-content\/uploads\/2022\/11\/Marrakech-2022-36-1.jpg\" data-link=\"https:\/\/www.missdefrance.fr\/?attachment_id=3116\" class=\"wp-image-3116\" srcset=\"https:\/\/www.missdefrance.fr\/wp-content\/uploads\/2022\/11\/Marrakech-2022-36-1-570x570.jpg 570w, https:\/\/www.missdefrance.fr\/wp-content\/uploads\/2022\/11\/Marrakech-2022-36-1-250x250.jpg 250w, https:\/\/www.missdefrance.fr\/wp-content\/uploads\/2022\/11\/Marrakech-2022-36-1-150x150.jpg 150w, https:\/\/www.missdefrance.fr\/wp-content\/uploads\/2022\/11\/Marrakech-2022-36-1-768x768.jpg 768w, https:\/\/www.missdefrance.fr\/wp-content\/uploads\/2022\/11\/Marrakech-2022-36-1-1536x1536.jpg 1536w, https:\/\/www.missdefrance.fr\/wp-content\/uploads\/2022\/11\/Marrakech-2022-36-1-1140x1140.jpg 1140w, https:\/\/www.missdefrance.fr\/wp-content\/uploads\/2022\/11\/Marrakech-2022-36-1-300x300.jpg 300w, https:\/\/www.missdefrance.fr\/wp-content\/uploads\/2022\/11\/Marrakech-2022-36-1-75x75.jpg 75w, https:\/\/www.missdefrance.fr\/wp-content\/uploads\/2022\/11\/Marrakech-2022-36-1.jpg 2048w\" sizes=\"(max-width: 570px) 100vw, 570px\" \/><\/figure><\/li><li class=\"blocks-gallery-item\"><figure><img decoding=\"async\" loading=\"lazy\" width=\"570\" height=\"570\" src=\"https:\/\/www.missdefrance.fr\/wp-content\/uploads\/2022\/11\/Marrakech-2022-37-570x570.jpg\" alt=\"\" data-id=\"3118\" data-full-url=\"https:\/\/www.missdefrance.fr\/wp-content\/uploads\/2022\/11\/Marrakech-2022-37.jpg\" data-link=\"https:\/\/www.missdefrance.fr\/?attachment_id=3118\" class=\"wp-image-3118\" srcset=\"https:\/\/www.missdefrance.fr\/wp-content\/uploads\/2022\/11\/Marrakech-2022-37-570x570.jpg 570w, https:\/\/www.missdefrance.fr\/wp-content\/uploads\/2022\/11\/Marrakech-2022-37-250x250.jpg 250w, https:\/\/www.missdefrance.fr\/wp-content\/uploads\/2022\/11\/Marrakech-2022-37-150x150.jpg 150w, https:\/\/www.missdefrance.fr\/wp-content\/uploads\/2022\/11\/Marrakech-2022-37-768x768.jpg 768w, https:\/\/www.missdefrance.fr\/wp-content\/uploads\/2022\/11\/Marrakech-2022-37-1536x1536.jpg 1536w, https:\/\/www.missdefrance.fr\/wp-content\/uploads\/2022\/11\/Marrakech-2022-37-1140x1140.jpg 1140w, https:\/\/www.missdefrance.fr\/wp-content\/uploads\/2022\/11\/Marrakech-2022-37-300x300.jpg 300w, https:\/\/www.missdefrance.fr\/wp-content\/uploads\/2022\/11\/Marrakech-2022-37-75x75.jpg 75w, https:\/\/www.missdefrance.fr\/wp-content\/uploads\/2022\/11\/Marrakech-2022-37.jpg 2048w\" sizes=\"(max-width: 570px) 100vw, 570px\" \/><\/figure><\/li><li class=\"blocks-gallery-item\"><figure><img decoding=\"async\" loading=\"lazy\" width=\"570\" height=\"570\" src=\"https:\/\/www.missdefrance.fr\/wp-content\/uploads\/2022\/11\/Marrakech-2022-38-570x570.jpg\" alt=\"\" data-id=\"3119\" data-full-url=\"https:\/\/www.missdefrance.fr\/wp-content\/uploads\/2022\/11\/Marrakech-2022-38.jpg\" data-link=\"https:\/\/www.missdefrance.fr\/?attachment_id=3119\" class=\"wp-image-3119\" srcset=\"https:\/\/www.missdefrance.fr\/wp-content\/uploads\/2022\/11\/Marrakech-2022-38-570x570.jpg 570w, https:\/\/www.missdefrance.fr\/wp-content\/uploads\/2022\/11\/Marrakech-2022-38-250x250.jpg 250w, https:\/\/www.missdefrance.fr\/wp-content\/uploads\/2022\/11\/Marrakech-2022-38-150x150.jpg 150w, https:\/\/www.missdefrance.fr\/wp-content\/uploads\/2022\/11\/Marrakech-2022-38-768x768.jpg 768w, https:\/\/www.missdefrance.fr\/wp-content\/uploads\/2022\/11\/Marrakech-2022-38-1536x1536.jpg 1536w, https:\/\/www.missdefrance.fr\/wp-content\/uploads\/2022\/11\/Marrakech-2022-38-1140x1140.jpg 1140w, https:\/\/www.missdefrance.fr\/wp-content\/uploads\/2022\/11\/Marrakech-2022-38-300x300.jpg 300w, https:\/\/www.missdefrance.fr\/wp-content\/uploads\/2022\/11\/Marrakech-2022-38-75x75.jpg 75w, https:\/\/www.missdefrance.fr\/wp-content\/uploads\/2022\/11\/Marrakech-2022-38.jpg 2048w\" sizes=\"(max-width: 570px) 100vw, 570px\" \/><\/figure><\/li><li class=\"blocks-gallery-item\"><figure><img decoding=\"async\" loading=\"lazy\" width=\"570\" height=\"570\" src=\"https:\/\/www.missdefrance.fr\/wp-content\/uploads\/2022\/11\/Marrakech-2022-39-1-570x570.jpg\" alt=\"\" data-id=\"3120\" data-full-url=\"https:\/\/www.missdefrance.fr\/wp-content\/uploads\/2022\/11\/Marrakech-2022-39-1.jpg\" data-link=\"https:\/\/www.missdefrance.fr\/?attachment_id=3120\" class=\"wp-image-3120\" srcset=\"https:\/\/www.missdefrance.fr\/wp-content\/uploads\/2022\/11\/Marrakech-2022-39-1-570x570.jpg 570w, https:\/\/www.missdefrance.fr\/wp-content\/uploads\/2022\/11\/Marrakech-2022-39-1-250x250.jpg 250w, https:\/\/www.missdefrance.fr\/wp-content\/uploads\/2022\/11\/Marrakech-2022-39-1-150x150.jpg 150w, https:\/\/www.missdefrance.fr\/wp-content\/uploads\/2022\/11\/Marrakech-2022-39-1-768x768.jpg 768w, https:\/\/www.missdefrance.fr\/wp-content\/uploads\/2022\/11\/Marrakech-2022-39-1-1536x1536.jpg 1536w, https:\/\/www.missdefrance.fr\/wp-content\/uploads\/2022\/11\/Marrakech-2022-39-1-1140x1140.jpg 1140w, https:\/\/www.missdefrance.fr\/wp-content\/uploads\/2022\/11\/Marrakech-2022-39-1-300x300.jpg 300w, https:\/\/www.missdefrance.fr\/wp-content\/uploads\/2022\/11\/Marrakech-2022-39-1-75x75.jpg 75w, https:\/\/www.missdefrance.fr\/wp-content\/uploads\/2022\/11\/Marrakech-2022-39-1.jpg 2048w\" sizes=\"(max-width: 570px) 100vw, 570px\" \/><\/figure><\/li><li class=\"blocks-gallery-item\"><figure><img decoding=\"async\" loading=\"lazy\" width=\"570\" height=\"570\" src=\"https:\/\/www.missdefrance.fr\/wp-content\/uploads\/2022\/11\/Marrakech-2022-40-570x570.jpg\" alt=\"\" data-id=\"3121\" data-full-url=\"https:\/\/www.missdefrance.fr\/wp-content\/uploads\/2022\/11\/Marrakech-2022-40.jpg\" data-link=\"https:\/\/www.missdefrance.fr\/?attachment_id=3121\" class=\"wp-image-3121\" srcset=\"https:\/\/www.missdefrance.fr\/wp-content\/uploads\/2022\/11\/Marrakech-2022-40-570x570.jpg 570w, https:\/\/www.missdefrance.fr\/wp-content\/uploads\/2022\/11\/Marrakech-2022-40-250x250.jpg 250w, https:\/\/www.missdefrance.fr\/wp-content\/uploads\/2022\/11\/Marrakech-2022-40-150x150.jpg 150w, https:\/\/www.missdefrance.fr\/wp-content\/uploads\/2022\/11\/Marrakech-2022-40-768x768.jpg 768w, https:\/\/www.missdefrance.fr\/wp-content\/uploads\/2022\/11\/Marrakech-2022-40-1536x1536.jpg 1536w, https:\/\/www.missdefrance.fr\/wp-content\/uploads\/2022\/11\/Marrakech-2022-40-1140x1140.jpg 1140w, https:\/\/www.missdefrance.fr\/wp-content\/uploads\/2022\/11\/Marrakech-2022-40-300x300.jpg 300w, https:\/\/www.missdefrance.fr\/wp-content\/uploads\/2022\/11\/Marrakech-2022-40-75x75.jpg 75w, https:\/\/www.missdefrance.fr\/wp-content\/uploads\/2022\/11\/Marrakech-2022-40.jpg 2048w\" sizes=\"(max-width: 570px) 100vw, 570px\" \/><\/figure><\/li><li class=\"blocks-gallery-item\"><figure><img decoding=\"async\" loading=\"lazy\" width=\"570\" height=\"570\" src=\"https:\/\/www.missdefrance.fr\/wp-content\/uploads\/2022\/11\/Marrakech-2022-41-570x570.jpg\" alt=\"\" data-id=\"3122\" data-full-url=\"https:\/\/www.missdefrance.fr\/wp-content\/uploads\/2022\/11\/Marrakech-2022-41.jpg\" data-link=\"https:\/\/www.missdefrance.fr\/?attachment_id=3122\" class=\"wp-image-3122\" srcset=\"https:\/\/www.missdefrance.fr\/wp-content\/uploads\/2022\/11\/Marrakech-2022-41-570x570.jpg 570w, https:\/\/www.missdefrance.fr\/wp-content\/uploads\/2022\/11\/Marrakech-2022-41-250x250.jpg 250w, https:\/\/www.missdefrance.fr\/wp-content\/uploads\/2022\/11\/Marrakech-2022-41-150x150.jpg 150w, https:\/\/www.missdefrance.fr\/wp-content\/uploads\/2022\/11\/Marrakech-2022-41-768x768.jpg 768w, https:\/\/www.missdefrance.fr\/wp-content\/uploads\/2022\/11\/Marrakech-2022-41-1536x1536.jpg 1536w, https:\/\/www.missdefrance.fr\/wp-content\/uploads\/2022\/11\/Marrakech-2022-41-1140x1140.jpg 1140w, https:\/\/www.missdefrance.fr\/wp-content\/uploads\/2022\/11\/Marrakech-2022-41-300x300.jpg 300w, https:\/\/www.missdefrance.fr\/wp-content\/uploads\/2022\/11\/Marrakech-2022-41-75x75.jpg 75w, https:\/\/www.missdefrance.fr\/wp-content\/uploads\/2022\/11\/Marrakech-2022-41.jpg 2048w\" sizes=\"(max-width: 570px) 100vw, 570px\" \/><\/figure><\/li><li class=\"blocks-gallery-item\"><figure><img decoding=\"async\" loading=\"lazy\" width=\"570\" height=\"570\" src=\"https:\/\/www.missdefrance.fr\/wp-content\/uploads\/2022\/11\/Marrakech-2022-42-1-570x570.jpg\" alt=\"\" data-id=\"3123\" data-full-url=\"https:\/\/www.missdefrance.fr\/wp-content\/uploads\/2022\/11\/Marrakech-2022-42-1.jpg\" data-link=\"https:\/\/www.missdefrance.fr\/?attachment_id=3123\" class=\"wp-image-3123\" srcset=\"https:\/\/www.missdefrance.fr\/wp-content\/uploads\/2022\/11\/Marrakech-2022-42-1-570x570.jpg 570w, https:\/\/www.missdefrance.fr\/wp-content\/uploads\/2022\/11\/Marrakech-2022-42-1-250x250.jpg 250w, https:\/\/www.missdefrance.fr\/wp-content\/uploads\/2022\/11\/Marrakech-2022-42-1-150x150.jpg 150w, https:\/\/www.missdefrance.fr\/wp-content\/uploads\/2022\/11\/Marrakech-2022-42-1-768x768.jpg 768w, https:\/\/www.missdefrance.fr\/wp-content\/uploads\/2022\/11\/Marrakech-2022-42-1-1536x1536.jpg 1536w, https:\/\/www.missdefrance.fr\/wp-content\/uploads\/2022\/11\/Marrakech-2022-42-1-1140x1140.jpg 1140w, https:\/\/www.missdefrance.fr\/wp-content\/uploads\/2022\/11\/Marrakech-2022-42-1-300x300.jpg 300w, https:\/\/www.missdefrance.fr\/wp-content\/uploads\/2022\/11\/Marrakech-2022-42-1-75x75.jpg 75w, https:\/\/www.missdefrance.fr\/wp-content\/uploads\/2022\/11\/Marrakech-2022-42-1.jpg 2048w\" sizes=\"(max-width: 570px) 100vw, 570px\" \/><\/figure><\/li><li class=\"blocks-gallery-item\"><figure><img decoding=\"async\" loading=\"lazy\" width=\"570\" height=\"570\" src=\"https:\/\/www.missdefrance.fr\/wp-content\/uploads\/2022\/11\/Marrakech-2022-43-1-570x570.jpg\" alt=\"\" data-id=\"3125\" data-full-url=\"https:\/\/www.missdefrance.fr\/wp-content\/uploads\/2022\/11\/Marrakech-2022-43-1.jpg\" data-link=\"https:\/\/www.missdefrance.fr\/?attachment_id=3125\" class=\"wp-image-3125\" srcset=\"https:\/\/www.missdefrance.fr\/wp-content\/uploads\/2022\/11\/Marrakech-2022-43-1-570x570.jpg 570w, https:\/\/www.missdefrance.fr\/wp-content\/uploads\/2022\/11\/Marrakech-2022-43-1-250x250.jpg 250w, https:\/\/www.missdefrance.fr\/wp-content\/uploads\/2022\/11\/Marrakech-2022-43-1-150x150.jpg 150w, https:\/\/www.missdefrance.fr\/wp-content\/uploads\/2022\/11\/Marrakech-2022-43-1-768x768.jpg 768w, https:\/\/www.missdefrance.fr\/wp-content\/uploads\/2022\/11\/Marrakech-2022-43-1-1536x1536.jpg 1536w, https:\/\/www.missdefrance.fr\/wp-content\/uploads\/2022\/11\/Marrakech-2022-43-1-1140x1140.jpg 1140w, https:\/\/www.missdefrance.fr\/wp-content\/uploads\/2022\/11\/Marrakech-2022-43-1-300x300.jpg 300w, https:\/\/www.missdefrance.fr\/wp-content\/uploads\/2022\/11\/Marrakech-2022-43-1-75x75.jpg 75w, https:\/\/www.missdefrance.fr\/wp-content\/uploads\/2022\/11\/Marrakech-2022-43-1.jpg 2048w\" sizes=\"(max-width: 570px) 100vw, 570px\" \/><\/figure><\/li><li class=\"blocks-gallery-item\"><figure><img decoding=\"async\" loading=\"lazy\" width=\"570\" height=\"570\" src=\"https:\/\/www.missdefrance.fr\/wp-content\/uploads\/2022\/11\/Marrakech-2022-44-1-570x570.jpg\" alt=\"\" data-id=\"3126\" data-full-url=\"https:\/\/www.missdefrance.fr\/wp-content\/uploads\/2022\/11\/Marrakech-2022-44-1.jpg\" data-link=\"https:\/\/www.missdefrance.fr\/?attachment_id=3126\" class=\"wp-image-3126\" srcset=\"https:\/\/www.missdefrance.fr\/wp-content\/uploads\/2022\/11\/Marrakech-2022-44-1-570x570.jpg 570w, https:\/\/www.missdefrance.fr\/wp-content\/uploads\/2022\/11\/Marrakech-2022-44-1-250x250.jpg 250w, https:\/\/www.missdefrance.fr\/wp-content\/uploads\/2022\/11\/Marrakech-2022-44-1-150x150.jpg 150w, https:\/\/www.missdefrance.fr\/wp-content\/uploads\/2022\/11\/Marrakech-2022-44-1-768x768.jpg 768w, https:\/\/www.missdefrance.fr\/wp-content\/uploads\/2022\/11\/Marrakech-2022-44-1-1536x1536.jpg 1536w, https:\/\/www.missdefrance.fr\/wp-content\/uploads\/2022\/11\/Marrakech-2022-44-1-1140x1140.jpg 1140w, https:\/\/www.missdefrance.fr\/wp-content\/uploads\/2022\/11\/Marrakech-2022-44-1-300x300.jpg 300w, https:\/\/www.missdefrance.fr\/wp-content\/uploads\/2022\/11\/Marrakech-2022-44-1-75x75.jpg 75w, https:\/\/www.missdefrance.fr\/wp-content\/uploads\/2022\/11\/Marrakech-2022-44-1.jpg 2048w\" sizes=\"(max-width: 570px) 100vw, 570px\" \/><\/figure><\/li><li class=\"blocks-gallery-item\"><figure><img decoding=\"async\" loading=\"lazy\" width=\"570\" height=\"570\" src=\"https:\/\/www.missdefrance.fr\/wp-content\/uploads\/2022\/11\/Marrakech-2022-45-1-570x570.jpg\" alt=\"\" data-id=\"3128\" data-full-url=\"https:\/\/www.missdefrance.fr\/wp-content\/uploads\/2022\/11\/Marrakech-2022-45-1.jpg\" data-link=\"https:\/\/www.missdefrance.fr\/?attachment_id=3128\" class=\"wp-image-3128\" srcset=\"https:\/\/www.missdefrance.fr\/wp-content\/uploads\/2022\/11\/Marrakech-2022-45-1-570x570.jpg 570w, https:\/\/www.missdefrance.fr\/wp-content\/uploads\/2022\/11\/Marrakech-2022-45-1-250x250.jpg 250w, https:\/\/www.missdefrance.fr\/wp-content\/uploads\/2022\/11\/Marrakech-2022-45-1-150x150.jpg 150w, https:\/\/www.missdefrance.fr\/wp-content\/uploads\/2022\/11\/Marrakech-2022-45-1-768x768.jpg 768w, https:\/\/www.missdefrance.fr\/wp-content\/uploads\/2022\/11\/Marrakech-2022-45-1-1536x1536.jpg 1536w, https:\/\/www.missdefrance.fr\/wp-content\/uploads\/2022\/11\/Marrakech-2022-45-1-1140x1140.jpg 1140w, https:\/\/www.missdefrance.fr\/wp-content\/uploads\/2022\/11\/Marrakech-2022-45-1-300x300.jpg 300w, https:\/\/www.missdefrance.fr\/wp-content\/uploads\/2022\/11\/Marrakech-2022-45-1-75x75.jpg 75w, https:\/\/www.missdefrance.fr\/wp-content\/uploads\/2022\/11\/Marrakech-2022-45-1.jpg 2048w\" sizes=\"(max-width: 570px) 100vw, 570px\" \/><\/figure><\/li><li class=\"blocks-gallery-item\"><figure><img decoding=\"async\" loading=\"lazy\" width=\"570\" height=\"570\" src=\"https:\/\/www.missdefrance.fr\/wp-content\/uploads\/2022\/11\/Marrakech-2022-46-1-570x570.jpg\" alt=\"\" data-id=\"3129\" data-full-url=\"https:\/\/www.missdefrance.fr\/wp-content\/uploads\/2022\/11\/Marrakech-2022-46-1.jpg\" data-link=\"https:\/\/www.missdefrance.fr\/?attachment_id=3129\" class=\"wp-image-3129\" srcset=\"https:\/\/www.missdefrance.fr\/wp-content\/uploads\/2022\/11\/Marrakech-2022-46-1-570x570.jpg 570w, https:\/\/www.missdefrance.fr\/wp-content\/uploads\/2022\/11\/Marrakech-2022-46-1-250x250.jpg 250w, https:\/\/www.missdefrance.fr\/wp-content\/uploads\/2022\/11\/Marrakech-2022-46-1-150x150.jpg 150w, https:\/\/www.missdefrance.fr\/wp-content\/uploads\/2022\/11\/Marrakech-2022-46-1-768x768.jpg 768w, https:\/\/www.missdefrance.fr\/wp-content\/uploads\/2022\/11\/Marrakech-2022-46-1-1536x1536.jpg 1536w, https:\/\/www.missdefrance.fr\/wp-content\/uploads\/2022\/11\/Marrakech-2022-46-1-1140x1140.jpg 1140w, https:\/\/www.missdefrance.fr\/wp-content\/uploads\/2022\/11\/Marrakech-2022-46-1-300x300.jpg 300w, https:\/\/www.missdefrance.fr\/wp-content\/uploads\/2022\/11\/Marrakech-2022-46-1-75x75.jpg 75w, https:\/\/www.missdefrance.fr\/wp-content\/uploads\/2022\/11\/Marrakech-2022-46-1.jpg 2048w\" sizes=\"(max-width: 570px) 100vw, 570px\" \/><\/figure><\/li><li class=\"blocks-gallery-item\"><figure><img decoding=\"async\" loading=\"lazy\" width=\"570\" height=\"570\" src=\"https:\/\/www.missdefrance.fr\/wp-content\/uploads\/2022\/11\/Marrakech-2022-47-1-570x570.jpg\" alt=\"\" data-id=\"3130\" data-full-url=\"https:\/\/www.missdefrance.fr\/wp-content\/uploads\/2022\/11\/Marrakech-2022-47-1.jpg\" data-link=\"https:\/\/www.missdefrance.fr\/?attachment_id=3130\" class=\"wp-image-3130\" srcset=\"https:\/\/www.missdefrance.fr\/wp-content\/uploads\/2022\/11\/Marrakech-2022-47-1-570x570.jpg 570w, https:\/\/www.missdefrance.fr\/wp-content\/uploads\/2022\/11\/Marrakech-2022-47-1-250x250.jpg 250w, https:\/\/www.missdefrance.fr\/wp-content\/uploads\/2022\/11\/Marrakech-2022-47-1-150x150.jpg 150w, https:\/\/www.missdefrance.fr\/wp-content\/uploads\/2022\/11\/Marrakech-2022-47-1-768x768.jpg 768w, https:\/\/www.missdefrance.fr\/wp-content\/uploads\/2022\/11\/Marrakech-2022-47-1-1536x1536.jpg 1536w, https:\/\/www.missdefrance.fr\/wp-content\/uploads\/2022\/11\/Marrakech-2022-47-1-1140x1140.jpg 1140w, https:\/\/www.missdefrance.fr\/wp-content\/uploads\/2022\/11\/Marrakech-2022-47-1-300x300.jpg 300w, https:\/\/www.missdefrance.fr\/wp-content\/uploads\/2022\/11\/Marrakech-2022-47-1-75x75.jpg 75w, https:\/\/www.missdefrance.fr\/wp-content\/uploads\/2022\/11\/Marrakech-2022-47-1.jpg 2048w\" sizes=\"(max-width: 570px) 100vw, 570px\" \/><\/figure><\/li><li class=\"blocks-gallery-item\"><figure><img decoding=\"async\" loading=\"lazy\" width=\"570\" height=\"570\" src=\"https:\/\/www.missdefrance.fr\/wp-content\/uploads\/2022\/11\/Marrakech-2022-48-1-570x570.jpg\" alt=\"\" data-id=\"3131\" data-full-url=\"https:\/\/www.missdefrance.fr\/wp-content\/uploads\/2022\/11\/Marrakech-2022-48-1.jpg\" data-link=\"https:\/\/www.missdefrance.fr\/?attachment_id=3131\" class=\"wp-image-3131\" srcset=\"https:\/\/www.missdefrance.fr\/wp-content\/uploads\/2022\/11\/Marrakech-2022-48-1-570x570.jpg 570w, https:\/\/www.missdefrance.fr\/wp-content\/uploads\/2022\/11\/Marrakech-2022-48-1-250x250.jpg 250w, https:\/\/www.missdefrance.fr\/wp-content\/uploads\/2022\/11\/Marrakech-2022-48-1-150x150.jpg 150w, https:\/\/www.missdefrance.fr\/wp-content\/uploads\/2022\/11\/Marrakech-2022-48-1-768x768.jpg 768w, https:\/\/www.missdefrance.fr\/wp-content\/uploads\/2022\/11\/Marrakech-2022-48-1-1536x1536.jpg 1536w, https:\/\/www.missdefrance.fr\/wp-content\/uploads\/2022\/11\/Marrakech-2022-48-1-1140x1140.jpg 1140w, https:\/\/www.missdefrance.fr\/wp-content\/uploads\/2022\/11\/Marrakech-2022-48-1-300x300.jpg 300w, https:\/\/www.missdefrance.fr\/wp-content\/uploads\/2022\/11\/Marrakech-2022-48-1-75x75.jpg 75w, https:\/\/www.missdefrance.fr\/wp-content\/uploads\/2022\/11\/Marrakech-2022-48-1.jpg 2048w\" sizes=\"(max-width: 570px) 100vw, 570px\" \/><\/figure><\/li><li class=\"blocks-gallery-item\"><figure><img decoding=\"async\" loading=\"lazy\" width=\"570\" height=\"570\" src=\"https:\/\/www.missdefrance.fr\/wp-content\/uploads\/2022\/11\/Marrakech-2022-49-1-570x570.jpg\" alt=\"\" data-id=\"3132\" data-full-url=\"https:\/\/www.missdefrance.fr\/wp-content\/uploads\/2022\/11\/Marrakech-2022-49-1.jpg\" data-link=\"https:\/\/www.missdefrance.fr\/?attachment_id=3132\" class=\"wp-image-3132\" srcset=\"https:\/\/www.missdefrance.fr\/wp-content\/uploads\/2022\/11\/Marrakech-2022-49-1-570x570.jpg 570w, https:\/\/www.missdefrance.fr\/wp-content\/uploads\/2022\/11\/Marrakech-2022-49-1-250x250.jpg 250w, https:\/\/www.missdefrance.fr\/wp-content\/uploads\/2022\/11\/Marrakech-2022-49-1-150x150.jpg 150w, https:\/\/www.missdefrance.fr\/wp-content\/uploads\/2022\/11\/Marrakech-2022-49-1-768x768.jpg 768w, https:\/\/www.missdefrance.fr\/wp-content\/uploads\/2022\/11\/Marrakech-2022-49-1-1536x1536.jpg 1536w, https:\/\/www.missdefrance.fr\/wp-content\/uploads\/2022\/11\/Marrakech-2022-49-1-1140x1140.jpg 1140w, https:\/\/www.missdefrance.fr\/wp-content\/uploads\/2022\/11\/Marrakech-2022-49-1-300x300.jpg 300w, https:\/\/www.missdefrance.fr\/wp-content\/uploads\/2022\/11\/Marrakech-2022-49-1-75x75.jpg 75w, https:\/\/www.missdefrance.fr\/wp-content\/uploads\/2022\/11\/Marrakech-2022-49-1.jpg 2048w\" sizes=\"(max-width: 570px) 100vw, 570px\" \/><\/figure><\/li><li class=\"blocks-gallery-item\"><figure><img decoding=\"async\" loading=\"lazy\" width=\"570\" height=\"570\" src=\"https:\/\/www.missdefrance.fr\/wp-content\/uploads\/2022\/11\/Marrakech-2022-50-1-570x570.jpg\" alt=\"\" data-id=\"3133\" data-full-url=\"https:\/\/www.missdefrance.fr\/wp-content\/uploads\/2022\/11\/Marrakech-2022-50-1.jpg\" data-link=\"https:\/\/www.missdefrance.fr\/?attachment_id=3133\" class=\"wp-image-3133\" srcset=\"https:\/\/www.missdefrance.fr\/wp-content\/uploads\/2022\/11\/Marrakech-2022-50-1-570x570.jpg 570w, https:\/\/www.missdefrance.fr\/wp-content\/uploads\/2022\/11\/Marrakech-2022-50-1-250x250.jpg 250w, https:\/\/www.missdefrance.fr\/wp-content\/uploads\/2022\/11\/Marrakech-2022-50-1-150x150.jpg 150w, https:\/\/www.missdefrance.fr\/wp-content\/uploads\/2022\/11\/Marrakech-2022-50-1-768x768.jpg 768w, https:\/\/www.missdefrance.fr\/wp-content\/uploads\/2022\/11\/Marrakech-2022-50-1-1536x1536.jpg 1536w, https:\/\/www.missdefrance.fr\/wp-content\/uploads\/2022\/11\/Marrakech-2022-50-1-1140x1140.jpg 1140w, https:\/\/www.missdefrance.fr\/wp-content\/uploads\/2022\/11\/Marrakech-2022-50-1-300x300.jpg 300w, https:\/\/www.missdefrance.fr\/wp-content\/uploads\/2022\/11\/Marrakech-2022-50-1-75x75.jpg 75w, https:\/\/www.missdefrance.fr\/wp-content\/uploads\/2022\/11\/Marrakech-2022-50-1.jpg 2048w\" sizes=\"(max-width: 570px) 100vw, 570px\" \/><\/figure><\/li><li class=\"blocks-gallery-item\"><figure><img decoding=\"async\" loading=\"lazy\" width=\"570\" height=\"570\" src=\"https:\/\/www.missdefrance.fr\/wp-content\/uploads\/2022\/11\/Marrakech-2022-51-1-570x570.jpg\" alt=\"\" data-id=\"3134\" data-full-url=\"https:\/\/www.missdefrance.fr\/wp-content\/uploads\/2022\/11\/Marrakech-2022-51-1.jpg\" data-link=\"https:\/\/www.missdefrance.fr\/?attachment_id=3134\" class=\"wp-image-3134\" srcset=\"https:\/\/www.missdefrance.fr\/wp-content\/uploads\/2022\/11\/Marrakech-2022-51-1-570x570.jpg 570w, https:\/\/www.missdefrance.fr\/wp-content\/uploads\/2022\/11\/Marrakech-2022-51-1-250x250.jpg 250w, https:\/\/www.missdefrance.fr\/wp-content\/uploads\/2022\/11\/Marrakech-2022-51-1-150x150.jpg 150w, https:\/\/www.missdefrance.fr\/wp-content\/uploads\/2022\/11\/Marrakech-2022-51-1-768x768.jpg 768w, https:\/\/www.missdefrance.fr\/wp-content\/uploads\/2022\/11\/Marrakech-2022-51-1-1536x1536.jpg 1536w, https:\/\/www.missdefrance.fr\/wp-content\/uploads\/2022\/11\/Marrakech-2022-51-1-1140x1140.jpg 1140w, https:\/\/www.missdefrance.fr\/wp-content\/uploads\/2022\/11\/Marrakech-2022-51-1-300x300.jpg 300w, https:\/\/www.missdefrance.fr\/wp-content\/uploads\/2022\/11\/Marrakech-2022-51-1-75x75.jpg 75w, https:\/\/www.missdefrance.fr\/wp-content\/uploads\/2022\/11\/Marrakech-2022-51-1.jpg 2048w\" sizes=\"(max-width: 570px) 100vw, 570px\" \/><\/figure><\/li><li class=\"blocks-gallery-item\"><figure><img decoding=\"async\" loading=\"lazy\" width=\"570\" height=\"570\" src=\"https:\/\/www.missdefrance.fr\/wp-content\/uploads\/2022\/11\/Marrakech-2022-52-1-570x570.jpg\" alt=\"\" data-id=\"3135\" data-full-url=\"https:\/\/www.missdefrance.fr\/wp-content\/uploads\/2022\/11\/Marrakech-2022-52-1.jpg\" data-link=\"https:\/\/www.missdefrance.fr\/?attachment_id=3135\" class=\"wp-image-3135\" srcset=\"https:\/\/www.missdefrance.fr\/wp-content\/uploads\/2022\/11\/Marrakech-2022-52-1-570x570.jpg 570w, https:\/\/www.missdefrance.fr\/wp-content\/uploads\/2022\/11\/Marrakech-2022-52-1-250x250.jpg 250w, https:\/\/www.missdefrance.fr\/wp-content\/uploads\/2022\/11\/Marrakech-2022-52-1-150x150.jpg 150w, https:\/\/www.missdefrance.fr\/wp-content\/uploads\/2022\/11\/Marrakech-2022-52-1-768x768.jpg 768w, https:\/\/www.missdefrance.fr\/wp-content\/uploads\/2022\/11\/Marrakech-2022-52-1-1536x1536.jpg 1536w, https:\/\/www.missdefrance.fr\/wp-content\/uploads\/2022\/11\/Marrakech-2022-52-1-1140x1140.jpg 1140w, https:\/\/www.missdefrance.fr\/wp-content\/uploads\/2022\/11\/Marrakech-2022-52-1-300x300.jpg 300w, https:\/\/www.missdefrance.fr\/wp-content\/uploads\/2022\/11\/Marrakech-2022-52-1-75x75.jpg 75w, https:\/\/www.missdefrance.fr\/wp-content\/uploads\/2022\/11\/Marrakech-2022-52-1.jpg 2048w\" sizes=\"(max-width: 570px) 100vw, 570px\" \/><\/figure><\/li><li class=\"blocks-gallery-item\"><figure><img decoding=\"async\" loading=\"lazy\" width=\"570\" height=\"570\" src=\"https:\/\/www.missdefrance.fr\/wp-content\/uploads\/2022\/11\/Marrakech-2022-53-1-570x570.jpg\" alt=\"\" data-id=\"3136\" data-full-url=\"https:\/\/www.missdefrance.fr\/wp-content\/uploads\/2022\/11\/Marrakech-2022-53-1.jpg\" data-link=\"https:\/\/www.missdefrance.fr\/?attachment_id=3136\" class=\"wp-image-3136\" srcset=\"https:\/\/www.missdefrance.fr\/wp-content\/uploads\/2022\/11\/Marrakech-2022-53-1-570x570.jpg 570w, https:\/\/www.missdefrance.fr\/wp-content\/uploads\/2022\/11\/Marrakech-2022-53-1-250x250.jpg 250w, https:\/\/www.missdefrance.fr\/wp-content\/uploads\/2022\/11\/Marrakech-2022-53-1-150x150.jpg 150w, https:\/\/www.missdefrance.fr\/wp-content\/uploads\/2022\/11\/Marrakech-2022-53-1-768x768.jpg 768w, https:\/\/www.missdefrance.fr\/wp-content\/uploads\/2022\/11\/Marrakech-2022-53-1-1536x1536.jpg 1536w, https:\/\/www.missdefrance.fr\/wp-content\/uploads\/2022\/11\/Marrakech-2022-53-1-1140x1140.jpg 1140w, https:\/\/www.missdefrance.fr\/wp-content\/uploads\/2022\/11\/Marrakech-2022-53-1-300x300.jpg 300w, https:\/\/www.missdefrance.fr\/wp-content\/uploads\/2022\/11\/Marrakech-2022-53-1-75x75.jpg 75w, https:\/\/www.missdefrance.fr\/wp-content\/uploads\/2022\/11\/Marrakech-2022-53-1.jpg 2048w\" sizes=\"(max-width: 570px) 100vw, 570px\" \/><\/figure><\/li><li class=\"blocks-gallery-item\"><figure><img decoding=\"async\" loading=\"lazy\" width=\"570\" height=\"570\" src=\"https:\/\/www.missdefrance.fr\/wp-content\/uploads\/2022\/11\/Marrakech-2022-54-1-570x570.jpg\" alt=\"\" data-id=\"3137\" data-full-url=\"https:\/\/www.missdefrance.fr\/wp-content\/uploads\/2022\/11\/Marrakech-2022-54-1.jpg\" data-link=\"https:\/\/www.missdefrance.fr\/?attachment_id=3137\" class=\"wp-image-3137\" srcset=\"https:\/\/www.missdefrance.fr\/wp-content\/uploads\/2022\/11\/Marrakech-2022-54-1-570x570.jpg 570w, https:\/\/www.missdefrance.fr\/wp-content\/uploads\/2022\/11\/Marrakech-2022-54-1-250x250.jpg 250w, https:\/\/www.missdefrance.fr\/wp-content\/uploads\/2022\/11\/Marrakech-2022-54-1-150x150.jpg 150w, https:\/\/www.missdefrance.fr\/wp-content\/uploads\/2022\/11\/Marrakech-2022-54-1-768x768.jpg 768w, https:\/\/www.missdefrance.fr\/wp-content\/uploads\/2022\/11\/Marrakech-2022-54-1-1536x1536.jpg 1536w, https:\/\/www.missdefrance.fr\/wp-content\/uploads\/2022\/11\/Marrakech-2022-54-1-1140x1140.jpg 1140w, https:\/\/www.missdefrance.fr\/wp-content\/uploads\/2022\/11\/Marrakech-2022-54-1-300x300.jpg 300w, https:\/\/www.missdefrance.fr\/wp-content\/uploads\/2022\/11\/Marrakech-2022-54-1-75x75.jpg 75w, https:\/\/www.missdefrance.fr\/wp-content\/uploads\/2022\/11\/Marrakech-2022-54-1.jpg 2048w\" sizes=\"(max-width: 570px) 100vw, 570px\" \/><\/figure><\/li><li class=\"blocks-gallery-item\"><figure><img decoding=\"async\" loading=\"lazy\" width=\"570\" height=\"570\" src=\"https:\/\/www.missdefrance.fr\/wp-content\/uploads\/2022\/11\/Marrakech-2022-57-1-570x570.jpg\" alt=\"\" data-id=\"3140\" data-full-url=\"https:\/\/www.missdefrance.fr\/wp-content\/uploads\/2022\/11\/Marrakech-2022-57-1.jpg\" data-link=\"https:\/\/www.missdefrance.fr\/?attachment_id=3140\" class=\"wp-image-3140\" srcset=\"https:\/\/www.missdefrance.fr\/wp-content\/uploads\/2022\/11\/Marrakech-2022-57-1-570x570.jpg 570w, https:\/\/www.missdefrance.fr\/wp-content\/uploads\/2022\/11\/Marrakech-2022-57-1-250x250.jpg 250w, https:\/\/www.missdefrance.fr\/wp-content\/uploads\/2022\/11\/Marrakech-2022-57-1-150x150.jpg 150w, https:\/\/www.missdefrance.fr\/wp-content\/uploads\/2022\/11\/Marrakech-2022-57-1-768x768.jpg 768w, https:\/\/www.missdefrance.fr\/wp-content\/uploads\/2022\/11\/Marrakech-2022-57-1-1536x1536.jpg 1536w, https:\/\/www.missdefrance.fr\/wp-content\/uploads\/2022\/11\/Marrakech-2022-57-1-1140x1140.jpg 1140w, https:\/\/www.missdefrance.fr\/wp-content\/uploads\/2022\/11\/Marrakech-2022-57-1-300x300.jpg 300w, https:\/\/www.missdefrance.fr\/wp-content\/uploads\/2022\/11\/Marrakech-2022-57-1-75x75.jpg 75w, https:\/\/www.missdefrance.fr\/wp-content\/uploads\/2022\/11\/Marrakech-2022-57-1.jpg 2048w\" sizes=\"(max-width: 570px) 100vw, 570px\" \/><\/figure><\/li><li class=\"blocks-gallery-item\"><figure><img decoding=\"async\" loading=\"lazy\" width=\"570\" height=\"380\" src=\"https:\/\/www.missdefrance.fr\/wp-content\/uploads\/2022\/11\/Marrakech-2022-58-1-570x380.jpg\" alt=\"\" data-id=\"3141\" data-full-url=\"https:\/\/www.missdefrance.fr\/wp-content\/uploads\/2022\/11\/Marrakech-2022-58-1.jpg\" data-link=\"https:\/\/www.missdefrance.fr\/?attachment_id=3141\" class=\"wp-image-3141\" srcset=\"https:\/\/www.missdefrance.fr\/wp-content\/uploads\/2022\/11\/Marrakech-2022-58-1-570x380.jpg 570w, https:\/\/www.missdefrance.fr\/wp-content\/uploads\/2022\/11\/Marrakech-2022-58-1-250x167.jpg 250w, https:\/\/www.missdefrance.fr\/wp-content\/uploads\/2022\/11\/Marrakech-2022-58-1-150x100.jpg 150w, https:\/\/www.missdefrance.fr\/wp-content\/uploads\/2022\/11\/Marrakech-2022-58-1-768x512.jpg 768w, https:\/\/www.missdefrance.fr\/wp-content\/uploads\/2022\/11\/Marrakech-2022-58-1-1536x1024.jpg 1536w, https:\/\/www.missdefrance.fr\/wp-content\/uploads\/2022\/11\/Marrakech-2022-58-1-1140x760.jpg 1140w, https:\/\/www.missdefrance.fr\/wp-content\/uploads\/2022\/11\/Marrakech-2022-58-1.jpg 2048w\" sizes=\"(max-width: 570px) 100vw, 570px\" \/><\/figure><\/li><li class=\"blocks-gallery-item\"><figure><img decoding=\"async\" loading=\"lazy\" width=\"428\" height=\"570\" src=\"https:\/\/www.missdefrance.fr\/wp-content\/uploads\/2022\/11\/Marrakech-2022-82-1-428x570.jpg\" alt=\"\" data-id=\"3142\" data-full-url=\"https:\/\/www.missdefrance.fr\/wp-content\/uploads\/2022\/11\/Marrakech-2022-82-1.jpg\" data-link=\"https:\/\/www.missdefrance.fr\/?attachment_id=3142\" class=\"wp-image-3142\" srcset=\"https:\/\/www.missdefrance.fr\/wp-content\/uploads\/2022\/11\/Marrakech-2022-82-1-428x570.jpg 428w, https:\/\/www.missdefrance.fr\/wp-content\/uploads\/2022\/11\/Marrakech-2022-82-1-188x250.jpg 188w, https:\/\/www.missdefrance.fr\/wp-content\/uploads\/2022\/11\/Marrakech-2022-82-1-113x150.jpg 113w, https:\/\/www.missdefrance.fr\/wp-content\/uploads\/2022\/11\/Marrakech-2022-82-1-768x1023.jpg 768w, https:\/\/www.missdefrance.fr\/wp-content\/uploads\/2022\/11\/Marrakech-2022-82-1-1153x1536.jpg 1153w, https:\/\/www.missdefrance.fr\/wp-content\/uploads\/2022\/11\/Marrakech-2022-82-1-1140x1519.jpg 1140w, https:\/\/www.missdefrance.fr\/wp-content\/uploads\/2022\/11\/Marrakech-2022-82-1.jpg 1537w\" sizes=\"(max-width: 428px) 100vw, 428px\" \/><\/figure><\/li><li class=\"blocks-gallery-item\"><figure><img decoding=\"async\" loading=\"lazy\" width=\"570\" height=\"428\" src=\"https:\/\/www.missdefrance.fr\/wp-content\/uploads\/2022\/11\/Marrakech-2022-83-1-570x428.jpg\" alt=\"\" data-id=\"3143\" data-full-url=\"https:\/\/www.missdefrance.fr\/wp-content\/uploads\/2022\/11\/Marrakech-2022-83-1.jpg\" data-link=\"https:\/\/www.missdefrance.fr\/?attachment_id=3143\" class=\"wp-image-3143\" srcset=\"https:\/\/www.missdefrance.fr\/wp-content\/uploads\/2022\/11\/Marrakech-2022-83-1-570x428.jpg 570w, https:\/\/www.missdefrance.fr\/wp-content\/uploads\/2022\/11\/Marrakech-2022-83-1-250x188.jpg 250w, https:\/\/www.missdefrance.fr\/wp-content\/uploads\/2022\/11\/Marrakech-2022-83-1-150x113.jpg 150w, https:\/\/www.missdefrance.fr\/wp-content\/uploads\/2022\/11\/Marrakech-2022-83-1-768x576.jpg 768w, https:\/\/www.missdefrance.fr\/wp-content\/uploads\/2022\/11\/Marrakech-2022-83-1-1536x1153.jpg 1536w, https:\/\/www.missdefrance.fr\/wp-content\/uploads\/2022\/11\/Marrakech-2022-83-1-1140x856.jpg 1140w, https:\/\/www.missdefrance.fr\/wp-content\/uploads\/2022\/11\/Marrakech-2022-83-1.jpg 2048w\" sizes=\"(max-width: 570px) 100vw, 570px\" \/><\/figure><\/li><li class=\"blocks-gallery-item\"><figure><img decoding=\"async\" loading=\"lazy\" width=\"570\" height=\"428\" src=\"https:\/\/www.missdefrance.fr\/wp-content\/uploads\/2022\/11\/Marrakech-2022-84-1-570x428.jpg\" alt=\"\" data-id=\"3144\" data-full-url=\"https:\/\/www.missdefrance.fr\/wp-content\/uploads\/2022\/11\/Marrakech-2022-84-1.jpg\" data-link=\"https:\/\/www.missdefrance.fr\/?attachment_id=3144\" class=\"wp-image-3144\" srcset=\"https:\/\/www.missdefrance.fr\/wp-content\/uploads\/2022\/11\/Marrakech-2022-84-1-570x428.jpg 570w, https:\/\/www.missdefrance.fr\/wp-content\/uploads\/2022\/11\/Marrakech-2022-84-1-250x188.jpg 250w, https:\/\/www.missdefrance.fr\/wp-content\/uploads\/2022\/11\/Marrakech-2022-84-1-150x113.jpg 150w, https:\/\/www.missdefrance.fr\/wp-content\/uploads\/2022\/11\/Marrakech-2022-84-1-768x576.jpg 768w, https:\/\/www.missdefrance.fr\/wp-content\/uploads\/2022\/11\/Marrakech-2022-84-1-1536x1153.jpg 1536w, https:\/\/www.missdefrance.fr\/wp-content\/uploads\/2022\/11\/Marrakech-2022-84-1-1140x856.jpg 1140w, https:\/\/www.missdefrance.fr\/wp-content\/uploads\/2022\/11\/Marrakech-2022-84-1.jpg 2048w\" sizes=\"(max-width: 570px) 100vw, 570px\" \/><\/figure><\/li><li class=\"blocks-gallery-item\"><figure><img decoding=\"async\" loading=\"lazy\" width=\"570\" height=\"428\" src=\"https:\/\/www.missdefrance.fr\/wp-content\/uploads\/2022\/11\/Marrakech-2022-85-1-570x428.jpg\" alt=\"\" data-id=\"3145\" data-full-url=\"https:\/\/www.missdefrance.fr\/wp-content\/uploads\/2022\/11\/Marrakech-2022-85-1.jpg\" data-link=\"https:\/\/www.missdefrance.fr\/?attachment_id=3145\" class=\"wp-image-3145\" srcset=\"https:\/\/www.missdefrance.fr\/wp-content\/uploads\/2022\/11\/Marrakech-2022-85-1-570x428.jpg 570w, https:\/\/www.missdefrance.fr\/wp-content\/uploads\/2022\/11\/Marrakech-2022-85-1-250x188.jpg 250w, https:\/\/www.missdefrance.fr\/wp-content\/uploads\/2022\/11\/Marrakech-2022-85-1-150x113.jpg 150w, https:\/\/www.missdefrance.fr\/wp-content\/uploads\/2022\/11\/Marrakech-2022-85-1-768x576.jpg 768w, https:\/\/www.missdefrance.fr\/wp-content\/uploads\/2022\/11\/Marrakech-2022-85-1-1536x1152.jpg 1536w, https:\/\/www.missdefrance.fr\/wp-content\/uploads\/2022\/11\/Marrakech-2022-85-1-1140x855.jpg 1140w, https:\/\/www.missdefrance.fr\/wp-content\/uploads\/2022\/11\/Marrakech-2022-85-1.jpg 2048w\" sizes=\"(max-width: 570px) 100vw, 570px\" \/><\/figure><\/li><li class=\"blocks-gallery-item\"><figure><img decoding=\"async\" loading=\"lazy\" width=\"428\" height=\"570\" src=\"https:\/\/www.missdefrance.fr\/wp-content\/uploads\/2022\/11\/Marrakech-2022-89-1-428x570.jpg\" alt=\"\" data-id=\"3147\" data-full-url=\"https:\/\/www.missdefrance.fr\/wp-content\/uploads\/2022\/11\/Marrakech-2022-89-1.jpg\" data-link=\"https:\/\/www.missdefrance.fr\/?attachment_id=3147\" class=\"wp-image-3147\" srcset=\"https:\/\/www.missdefrance.fr\/wp-content\/uploads\/2022\/11\/Marrakech-2022-89-1-428x570.jpg 428w, https:\/\/www.missdefrance.fr\/wp-content\/uploads\/2022\/11\/Marrakech-2022-89-1-188x250.jpg 188w, https:\/\/www.missdefrance.fr\/wp-content\/uploads\/2022\/11\/Marrakech-2022-89-1-113x150.jpg 113w, https:\/\/www.missdefrance.fr\/wp-content\/uploads\/2022\/11\/Marrakech-2022-89-1-768x1024.jpg 768w, https:\/\/www.missdefrance.fr\/wp-content\/uploads\/2022\/11\/Marrakech-2022-89-1-1152x1536.jpg 1152w, https:\/\/www.missdefrance.fr\/wp-content\/uploads\/2022\/11\/Marrakech-2022-89-1-1140x1520.jpg 1140w, https:\/\/www.missdefrance.fr\/wp-content\/uploads\/2022\/11\/Marrakech-2022-89-1.jpg 1536w\" sizes=\"(max-width: 428px) 100vw, 428px\" \/><\/figure><\/li><li class=\"blocks-gallery-item\"><figure><img decoding=\"async\" loading=\"lazy\" width=\"428\" height=\"570\" src=\"https:\/\/www.missdefrance.fr\/wp-content\/uploads\/2022\/11\/Marrakech-2022-90-1-428x570.jpg\" alt=\"\" data-id=\"3148\" data-full-url=\"https:\/\/www.missdefrance.fr\/wp-content\/uploads\/2022\/11\/Marrakech-2022-90-1.jpg\" data-link=\"https:\/\/www.missdefrance.fr\/?attachment_id=3148\" class=\"wp-image-3148\" srcset=\"https:\/\/www.missdefrance.fr\/wp-content\/uploads\/2022\/11\/Marrakech-2022-90-1-428x570.jpg 428w, https:\/\/www.missdefrance.fr\/wp-content\/uploads\/2022\/11\/Marrakech-2022-90-1-188x250.jpg 188w, https:\/\/www.missdefrance.fr\/wp-content\/uploads\/2022\/11\/Marrakech-2022-90-1-113x150.jpg 113w, https:\/\/www.missdefrance.fr\/wp-content\/uploads\/2022\/11\/Marrakech-2022-90-1-768x1023.jpg 768w, https:\/\/www.missdefrance.fr\/wp-content\/uploads\/2022\/11\/Marrakech-2022-90-1-1153x1536.jpg 1153w, https:\/\/www.missdefrance.fr\/wp-content\/uploads\/2022\/11\/Marrakech-2022-90-1-1140x1519.jpg 1140w, https:\/\/www.missdefrance.fr\/wp-content\/uploads\/2022\/11\/Marrakech-2022-90-1.jpg 1537w\" sizes=\"(max-width: 428px) 100vw, 428px\" \/><\/figure><\/li><li class=\"blocks-gallery-item\"><figure><img decoding=\"async\" loading=\"lazy\" width=\"570\" height=\"428\" src=\"https:\/\/www.missdefrance.fr\/wp-content\/uploads\/2022\/11\/Marrakech-2022-91-1-570x428.jpg\" alt=\"\" data-id=\"3149\" data-full-url=\"https:\/\/www.missdefrance.fr\/wp-content\/uploads\/2022\/11\/Marrakech-2022-91-1.jpg\" data-link=\"https:\/\/www.missdefrance.fr\/?attachment_id=3149\" class=\"wp-image-3149\" srcset=\"https:\/\/www.missdefrance.fr\/wp-content\/uploads\/2022\/11\/Marrakech-2022-91-1-570x428.jpg 570w, https:\/\/www.missdefrance.fr\/wp-content\/uploads\/2022\/11\/Marrakech-2022-91-1-250x188.jpg 250w, https:\/\/www.missdefrance.fr\/wp-content\/uploads\/2022\/11\/Marrakech-2022-91-1-150x113.jpg 150w, https:\/\/www.missdefrance.fr\/wp-content\/uploads\/2022\/11\/Marrakech-2022-91-1-768x576.jpg 768w, https:\/\/www.missdefrance.fr\/wp-content\/uploads\/2022\/11\/Marrakech-2022-91-1-1536x1152.jpg 1536w, https:\/\/www.missdefrance.fr\/wp-content\/uploads\/2022\/11\/Marrakech-2022-91-1-1140x855.jpg 1140w, https:\/\/www.missdefrance.fr\/wp-content\/uploads\/2022\/11\/Marrakech-2022-91-1.jpg 2048w\" sizes=\"(max-width: 570px) 100vw, 570px\" \/><\/figure><\/li><li class=\"blocks-gallery-item\"><figure><img decoding=\"async\" loading=\"lazy\" width=\"570\" height=\"428\" src=\"https:\/\/www.missdefrance.fr\/wp-content\/uploads\/2022\/11\/Marrakech-2022-92-1-570x428.jpg\" alt=\"\" data-id=\"3150\" data-full-url=\"https:\/\/www.missdefrance.fr\/wp-content\/uploads\/2022\/11\/Marrakech-2022-92-1.jpg\" data-link=\"https:\/\/www.missdefrance.fr\/?attachment_id=3150\" class=\"wp-image-3150\" srcset=\"https:\/\/www.missdefrance.fr\/wp-content\/uploads\/2022\/11\/Marrakech-2022-92-1-570x428.jpg 570w, https:\/\/www.missdefrance.fr\/wp-content\/uploads\/2022\/11\/Marrakech-2022-92-1-250x188.jpg 250w, https:\/\/www.missdefrance.fr\/wp-content\/uploads\/2022\/11\/Marrakech-2022-92-1-150x113.jpg 150w, https:\/\/www.missdefrance.fr\/wp-content\/uploads\/2022\/11\/Marrakech-2022-92-1-768x576.jpg 768w, https:\/\/www.missdefrance.fr\/wp-content\/uploads\/2022\/11\/Marrakech-2022-92-1-1536x1152.jpg 1536w, https:\/\/www.missdefrance.fr\/wp-content\/uploads\/2022\/11\/Marrakech-2022-92-1-1140x855.jpg 1140w, https:\/\/www.missdefrance.fr\/wp-content\/uploads\/2022\/11\/Marrakech-2022-92-1.jpg 2048w\" sizes=\"(max-width: 570px) 100vw, 570px\" \/><\/figure><\/li><li class=\"blocks-gallery-item\"><figure><img decoding=\"async\" loading=\"lazy\" width=\"570\" height=\"428\" src=\"https:\/\/www.missdefrance.fr\/wp-content\/uploads\/2022\/11\/Marrakech-2022-94-1-570x428.jpg\" alt=\"\" data-id=\"3152\" data-full-url=\"https:\/\/www.missdefrance.fr\/wp-content\/uploads\/2022\/11\/Marrakech-2022-94-1.jpg\" data-link=\"https:\/\/www.missdefrance.fr\/?attachment_id=3152\" class=\"wp-image-3152\" srcset=\"https:\/\/www.missdefrance.fr\/wp-content\/uploads\/2022\/11\/Marrakech-2022-94-1-570x428.jpg 570w, https:\/\/www.missdefrance.fr\/wp-content\/uploads\/2022\/11\/Marrakech-2022-94-1-250x188.jpg 250w, https:\/\/www.missdefrance.fr\/wp-content\/uploads\/2022\/11\/Marrakech-2022-94-1-150x113.jpg 150w, https:\/\/www.missdefrance.fr\/wp-content\/uploads\/2022\/11\/Marrakech-2022-94-1-768x576.jpg 768w, https:\/\/www.missdefrance.fr\/wp-content\/uploads\/2022\/11\/Marrakech-2022-94-1-1536x1152.jpg 1536w, https:\/\/www.missdefrance.fr\/wp-content\/uploads\/2022\/11\/Marrakech-2022-94-1-1140x855.jpg 1140w, https:\/\/www.missdefrance.fr\/wp-content\/uploads\/2022\/11\/Marrakech-2022-94-1.jpg 2048w\" sizes=\"(max-width: 570px) 100vw, 570px\" \/><\/figure><\/li><li class=\"blocks-gallery-item\"><figure><img decoding=\"async\" loading=\"lazy\" width=\"570\" height=\"428\" src=\"https:\/\/www.missdefrance.fr\/wp-content\/uploads\/2022\/11\/Marrakech-2022-95-1-570x428.jpg\" alt=\"\" data-id=\"3153\" data-full-url=\"https:\/\/www.missdefrance.fr\/wp-content\/uploads\/2022\/11\/Marrakech-2022-95-1.jpg\" data-link=\"https:\/\/www.missdefrance.fr\/?attachment_id=3153\" class=\"wp-image-3153\" srcset=\"https:\/\/www.missdefrance.fr\/wp-content\/uploads\/2022\/11\/Marrakech-2022-95-1-570x428.jpg 570w, https:\/\/www.missdefrance.fr\/wp-content\/uploads\/2022\/11\/Marrakech-2022-95-1-250x188.jpg 250w, https:\/\/www.missdefrance.fr\/wp-content\/uploads\/2022\/11\/Marrakech-2022-95-1-150x113.jpg 150w, https:\/\/www.missdefrance.fr\/wp-content\/uploads\/2022\/11\/Marrakech-2022-95-1-768x576.jpg 768w, https:\/\/www.missdefrance.fr\/wp-content\/uploads\/2022\/11\/Marrakech-2022-95-1-1536x1152.jpg 1536w, https:\/\/www.missdefrance.fr\/wp-content\/uploads\/2022\/11\/Marrakech-2022-95-1-1140x855.jpg 1140w, https:\/\/www.missdefrance.fr\/wp-content\/uploads\/2022\/11\/Marrakech-2022-95-1.jpg 2048w\" sizes=\"(max-width: 570px) 100vw, 570px\" \/><\/figure><\/li><li class=\"blocks-gallery-item\"><figure><img decoding=\"async\" loading=\"lazy\" width=\"570\" height=\"428\" src=\"https:\/\/www.missdefrance.fr\/wp-content\/uploads\/2022\/11\/Marrakech-2022-96-1-570x428.jpg\" alt=\"\" data-id=\"3154\" data-full-url=\"https:\/\/www.missdefrance.fr\/wp-content\/uploads\/2022\/11\/Marrakech-2022-96-1.jpg\" data-link=\"https:\/\/www.missdefrance.fr\/?attachment_id=3154\" class=\"wp-image-3154\" srcset=\"https:\/\/www.missdefrance.fr\/wp-content\/uploads\/2022\/11\/Marrakech-2022-96-1-570x428.jpg 570w, https:\/\/www.missdefrance.fr\/wp-content\/uploads\/2022\/11\/Marrakech-2022-96-1-250x188.jpg 250w, https:\/\/www.missdefrance.fr\/wp-content\/uploads\/2022\/11\/Marrakech-2022-96-1-150x113.jpg 150w, https:\/\/www.missdefrance.fr\/wp-content\/uploads\/2022\/11\/Marrakech-2022-96-1-768x576.jpg 768w, https:\/\/www.missdefrance.fr\/wp-content\/uploads\/2022\/11\/Marrakech-2022-96-1-1536x1152.jpg 1536w, https:\/\/www.missdefrance.fr\/wp-content\/uploads\/2022\/11\/Marrakech-2022-96-1-1140x855.jpg 1140w, https:\/\/www.missdefrance.fr\/wp-content\/uploads\/2022\/11\/Marrakech-2022-96-1.jpg 2048w\" sizes=\"(max-width: 570px) 100vw, 570px\" \/><\/figure><\/li><li class=\"blocks-gallery-item\"><figure><img decoding=\"async\" loading=\"lazy\" width=\"570\" height=\"428\" src=\"https:\/\/www.missdefrance.fr\/wp-content\/uploads\/2022\/11\/Marrakech-2022-101-1-570x428.jpg\" alt=\"\" data-id=\"3158\" data-full-url=\"https:\/\/www.missdefrance.fr\/wp-content\/uploads\/2022\/11\/Marrakech-2022-101-1.jpg\" data-link=\"https:\/\/www.missdefrance.fr\/?attachment_id=3158\" class=\"wp-image-3158\" srcset=\"https:\/\/www.missdefrance.fr\/wp-content\/uploads\/2022\/11\/Marrakech-2022-101-1-570x428.jpg 570w, https:\/\/www.missdefrance.fr\/wp-content\/uploads\/2022\/11\/Marrakech-2022-101-1-250x188.jpg 250w, https:\/\/www.missdefrance.fr\/wp-content\/uploads\/2022\/11\/Marrakech-2022-101-1-150x113.jpg 150w, https:\/\/www.missdefrance.fr\/wp-content\/uploads\/2022\/11\/Marrakech-2022-101-1-768x576.jpg 768w, https:\/\/www.missdefrance.fr\/wp-content\/uploads\/2022\/11\/Marrakech-2022-101-1-1536x1152.jpg 1536w, https:\/\/www.missdefrance.fr\/wp-content\/uploads\/2022\/11\/Marrakech-2022-101-1-1140x855.jpg 1140w, https:\/\/www.missdefrance.fr\/wp-content\/uploads\/2022\/11\/Marrakech-2022-101-1.jpg 2048w\" sizes=\"(max-width: 570px) 100vw, 570px\" \/><\/figure><\/li><li class=\"blocks-gallery-item\"><figure><img decoding=\"async\" loading=\"lazy\" width=\"570\" height=\"428\" src=\"https:\/\/www.missdefrance.fr\/wp-content\/uploads\/2022\/11\/Marrakech-2022-98-1-570x428.jpg\" alt=\"\" data-id=\"3156\" data-full-url=\"https:\/\/www.missdefrance.fr\/wp-content\/uploads\/2022\/11\/Marrakech-2022-98-1.jpg\" data-link=\"https:\/\/www.missdefrance.fr\/?attachment_id=3156\" class=\"wp-image-3156\" srcset=\"https:\/\/www.missdefrance.fr\/wp-content\/uploads\/2022\/11\/Marrakech-2022-98-1-570x428.jpg 570w, https:\/\/www.missdefrance.fr\/wp-content\/uploads\/2022\/11\/Marrakech-2022-98-1-250x188.jpg 250w, https:\/\/www.missdefrance.fr\/wp-content\/uploads\/2022\/11\/Marrakech-2022-98-1-150x113.jpg 150w, https:\/\/www.missdefrance.fr\/wp-content\/uploads\/2022\/11\/Marrakech-2022-98-1-768x576.jpg 768w, https:\/\/www.missdefrance.fr\/wp-content\/uploads\/2022\/11\/Marrakech-2022-98-1-1536x1152.jpg 1536w, https:\/\/www.missdefrance.fr\/wp-content\/uploads\/2022\/11\/Marrakech-2022-98-1-1140x855.jpg 1140w, https:\/\/www.missdefrance.fr\/wp-content\/uploads\/2022\/11\/Marrakech-2022-98-1.jpg 2048w\" sizes=\"(max-width: 570px) 100vw, 570px\" \/><\/figure><\/li><li class=\"blocks-gallery-item\"><figure><img decoding=\"async\" loading=\"lazy\" width=\"570\" height=\"156\" src=\"https:\/\/www.missdefrance.fr\/wp-content\/uploads\/2022\/11\/Marrakech-2022-99-1-570x156.jpg\" alt=\"\" data-id=\"3157\" data-full-url=\"https:\/\/www.missdefrance.fr\/wp-content\/uploads\/2022\/11\/Marrakech-2022-99-1.jpg\" data-link=\"https:\/\/www.missdefrance.fr\/?attachment_id=3157\" class=\"wp-image-3157\" srcset=\"https:\/\/www.missdefrance.fr\/wp-content\/uploads\/2022\/11\/Marrakech-2022-99-1-570x156.jpg 570w, https:\/\/www.missdefrance.fr\/wp-content\/uploads\/2022\/11\/Marrakech-2022-99-1-250x69.jpg 250w, https:\/\/www.missdefrance.fr\/wp-content\/uploads\/2022\/11\/Marrakech-2022-99-1-150x41.jpg 150w, https:\/\/www.missdefrance.fr\/wp-content\/uploads\/2022\/11\/Marrakech-2022-99-1-768x211.jpg 768w, https:\/\/www.missdefrance.fr\/wp-content\/uploads\/2022\/11\/Marrakech-2022-99-1-1536x422.jpg 1536w, https:\/\/www.missdefrance.fr\/wp-content\/uploads\/2022\/11\/Marrakech-2022-99-1-1140x313.jpg 1140w, https:\/\/www.missdefrance.fr\/wp-content\/uploads\/2022\/11\/Marrakech-2022-99-1.jpg 2048w\" sizes=\"(max-width: 570px) 100vw, 570px\" \/><\/figure><\/li><li class=\"blocks-gallery-item\"><figure><img decoding=\"async\" loading=\"lazy\" width=\"570\" height=\"428\" src=\"https:\/\/www.missdefrance.fr\/wp-content\/uploads\/2022\/11\/Marrakech-2022-103-1-570x428.jpg\" alt=\"\" data-id=\"3160\" data-full-url=\"https:\/\/www.missdefrance.fr\/wp-content\/uploads\/2022\/11\/Marrakech-2022-103-1.jpg\" data-link=\"https:\/\/www.missdefrance.fr\/?attachment_id=3160\" class=\"wp-image-3160\" srcset=\"https:\/\/www.missdefrance.fr\/wp-content\/uploads\/2022\/11\/Marrakech-2022-103-1-570x428.jpg 570w, https:\/\/www.missdefrance.fr\/wp-content\/uploads\/2022\/11\/Marrakech-2022-103-1-250x188.jpg 250w, https:\/\/www.missdefrance.fr\/wp-content\/uploads\/2022\/11\/Marrakech-2022-103-1-150x113.jpg 150w, https:\/\/www.missdefrance.fr\/wp-content\/uploads\/2022\/11\/Marrakech-2022-103-1-768x576.jpg 768w, https:\/\/www.missdefrance.fr\/wp-content\/uploads\/2022\/11\/Marrakech-2022-103-1-1536x1153.jpg 1536w, https:\/\/www.missdefrance.fr\/wp-content\/uploads\/2022\/11\/Marrakech-2022-103-1-1140x856.jpg 1140w, https:\/\/www.missdefrance.fr\/wp-content\/uploads\/2022\/11\/Marrakech-2022-103-1.jpg 2048w\" sizes=\"(max-width: 570px) 100vw, 570px\" \/><\/figure><\/li><li class=\"blocks-gallery-item\"><figure><img decoding=\"async\" loading=\"lazy\" width=\"428\" height=\"570\" src=\"https:\/\/www.missdefrance.fr\/wp-content\/uploads\/2022\/11\/Marrakech-2022-106-1-428x570.jpg\" alt=\"\" data-id=\"3163\" data-full-url=\"https:\/\/www.missdefrance.fr\/wp-content\/uploads\/2022\/11\/Marrakech-2022-106-1.jpg\" data-link=\"https:\/\/www.missdefrance.fr\/?attachment_id=3163\" class=\"wp-image-3163\" srcset=\"https:\/\/www.missdefrance.fr\/wp-content\/uploads\/2022\/11\/Marrakech-2022-106-1-428x570.jpg 428w, https:\/\/www.missdefrance.fr\/wp-content\/uploads\/2022\/11\/Marrakech-2022-106-1-188x250.jpg 188w, https:\/\/www.missdefrance.fr\/wp-content\/uploads\/2022\/11\/Marrakech-2022-106-1-113x150.jpg 113w, https:\/\/www.missdefrance.fr\/wp-content\/uploads\/2022\/11\/Marrakech-2022-106-1-768x1023.jpg 768w, https:\/\/www.missdefrance.fr\/wp-content\/uploads\/2022\/11\/Marrakech-2022-106-1-1153x1536.jpg 1153w, https:\/\/www.missdefrance.fr\/wp-content\/uploads\/2022\/11\/Marrakech-2022-106-1-1140x1519.jpg 1140w, https:\/\/www.missdefrance.fr\/wp-content\/uploads\/2022\/11\/Marrakech-2022-106-1.jpg 1537w\" sizes=\"(max-width: 428px) 100vw, 428px\" \/><\/figure><\/li><li class=\"blocks-gallery-item\"><figure><img decoding=\"async\" loading=\"lazy\" width=\"428\" height=\"570\" src=\"https:\/\/www.missdefrance.fr\/wp-content\/uploads\/2022\/11\/Marrakech-2022-107-1-428x570.jpg\" alt=\"\" data-id=\"3164\" data-full-url=\"https:\/\/www.missdefrance.fr\/wp-content\/uploads\/2022\/11\/Marrakech-2022-107-1.jpg\" data-link=\"https:\/\/www.missdefrance.fr\/?attachment_id=3164\" class=\"wp-image-3164\" srcset=\"https:\/\/www.missdefrance.fr\/wp-content\/uploads\/2022\/11\/Marrakech-2022-107-1-428x570.jpg 428w, https:\/\/www.missdefrance.fr\/wp-content\/uploads\/2022\/11\/Marrakech-2022-107-1-188x250.jpg 188w, https:\/\/www.missdefrance.fr\/wp-content\/uploads\/2022\/11\/Marrakech-2022-107-1-113x150.jpg 113w, https:\/\/www.missdefrance.fr\/wp-content\/uploads\/2022\/11\/Marrakech-2022-107-1-768x1024.jpg 768w, https:\/\/www.missdefrance.fr\/wp-content\/uploads\/2022\/11\/Marrakech-2022-107-1-1152x1536.jpg 1152w, https:\/\/www.missdefrance.fr\/wp-content\/uploads\/2022\/11\/Marrakech-2022-107-1-1140x1520.jpg 1140w, https:\/\/www.missdefrance.fr\/wp-content\/uploads\/2022\/11\/Marrakech-2022-107-1.jpg 1536w\" sizes=\"(max-width: 428px) 100vw, 428px\" \/><\/figure><\/li><li class=\"blocks-gallery-item\"><figure><img decoding=\"async\" loading=\"lazy\" width=\"570\" height=\"428\" src=\"https:\/\/www.missdefrance.fr\/wp-content\/uploads\/2022\/11\/Marrakech-2022-108-1-570x428.jpg\" alt=\"\" data-id=\"3165\" data-full-url=\"https:\/\/www.missdefrance.fr\/wp-content\/uploads\/2022\/11\/Marrakech-2022-108-1.jpg\" data-link=\"https:\/\/www.missdefrance.fr\/?attachment_id=3165\" class=\"wp-image-3165\" srcset=\"https:\/\/www.missdefrance.fr\/wp-content\/uploads\/2022\/11\/Marrakech-2022-108-1-570x428.jpg 570w, https:\/\/www.missdefrance.fr\/wp-content\/uploads\/2022\/11\/Marrakech-2022-108-1-250x188.jpg 250w, https:\/\/www.missdefrance.fr\/wp-content\/uploads\/2022\/11\/Marrakech-2022-108-1-150x113.jpg 150w, https:\/\/www.missdefrance.fr\/wp-content\/uploads\/2022\/11\/Marrakech-2022-108-1-768x576.jpg 768w, https:\/\/www.missdefrance.fr\/wp-content\/uploads\/2022\/11\/Marrakech-2022-108-1-1536x1153.jpg 1536w, https:\/\/www.missdefrance.fr\/wp-content\/uploads\/2022\/11\/Marrakech-2022-108-1-1140x856.jpg 1140w, https:\/\/www.missdefrance.fr\/wp-content\/uploads\/2022\/11\/Marrakech-2022-108-1.jpg 2048w\" sizes=\"(max-width: 570px) 100vw, 570px\" \/><\/figure><\/li><li class=\"blocks-gallery-item\"><figure><img decoding=\"async\" loading=\"lazy\" width=\"570\" height=\"428\" src=\"https:\/\/www.missdefrance.fr\/wp-content\/uploads\/2022\/11\/Marrakech-2022-109-1-570x428.jpg\" alt=\"\" data-id=\"3166\" data-full-url=\"https:\/\/www.missdefrance.fr\/wp-content\/uploads\/2022\/11\/Marrakech-2022-109-1.jpg\" data-link=\"https:\/\/www.missdefrance.fr\/?attachment_id=3166\" class=\"wp-image-3166\" srcset=\"https:\/\/www.missdefrance.fr\/wp-content\/uploads\/2022\/11\/Marrakech-2022-109-1-570x428.jpg 570w, https:\/\/www.missdefrance.fr\/wp-content\/uploads\/2022\/11\/Marrakech-2022-109-1-250x188.jpg 250w, https:\/\/www.missdefrance.fr\/wp-content\/uploads\/2022\/11\/Marrakech-2022-109-1-150x113.jpg 150w, https:\/\/www.missdefrance.fr\/wp-content\/uploads\/2022\/11\/Marrakech-2022-109-1-768x576.jpg 768w, https:\/\/www.missdefrance.fr\/wp-content\/uploads\/2022\/11\/Marrakech-2022-109-1-1536x1153.jpg 1536w, https:\/\/www.missdefrance.fr\/wp-content\/uploads\/2022\/11\/Marrakech-2022-109-1-1140x856.jpg 1140w, https:\/\/www.missdefrance.fr\/wp-content\/uploads\/2022\/11\/Marrakech-2022-109-1.jpg 2048w\" sizes=\"(max-width: 570px) 100vw, 570px\" \/><\/figure><\/li><\/ul><\/figure>\n\n\n\n<p>Profitez du calme absolu et de la vue imprenable au coucher du soleil tout cela en d\u00e9gustant des mets gastronomiques aux saveurs du pays&#8230; et certainement ne plus vouloir repartir.<\/p>\n\n\n\n<p>Malheureusement rentrer en France mais avoir encore l&rsquo;esprit ailleurs&#8230;<\/p>\n\n\n\n<figure class=\"is-layout-flex wp-block-gallery-9 wp-block-gallery columns-2 is-cropped\"><ul class=\"blocks-gallery-grid\"><li class=\"blocks-gallery-item\"><figure><img decoding=\"async\" loading=\"lazy\" width=\"428\" height=\"570\" src=\"https:\/\/www.missdefrance.fr\/wp-content\/uploads\/2022\/11\/Marrakech-2022-3-1-428x570.jpg\" alt=\"\" data-id=\"2925\" data-full-url=\"https:\/\/www.missdefrance.fr\/wp-content\/uploads\/2022\/11\/Marrakech-2022-3-1.jpg\" data-link=\"https:\/\/www.missdefrance.fr\/?attachment_id=2925\" class=\"wp-image-2925\" srcset=\"https:\/\/www.missdefrance.fr\/wp-content\/uploads\/2022\/11\/Marrakech-2022-3-1-428x570.jpg 428w, https:\/\/www.missdefrance.fr\/wp-content\/uploads\/2022\/11\/Marrakech-2022-3-1-188x250.jpg 188w, https:\/\/www.missdefrance.fr\/wp-content\/uploads\/2022\/11\/Marrakech-2022-3-1-113x150.jpg 113w, https:\/\/www.missdefrance.fr\/wp-content\/uploads\/2022\/11\/Marrakech-2022-3-1-768x1024.jpg 768w, https:\/\/www.missdefrance.fr\/wp-content\/uploads\/2022\/11\/Marrakech-2022-3-1-1152x1536.jpg 1152w, https:\/\/www.missdefrance.fr\/wp-content\/uploads\/2022\/11\/Marrakech-2022-3-1-1140x1520.jpg 1140w, https:\/\/www.missdefrance.fr\/wp-content\/uploads\/2022\/11\/Marrakech-2022-3-1.jpg 1536w\" sizes=\"(max-width: 428px) 100vw, 428px\" \/><\/figure><\/li><li class=\"blocks-gallery-item\"><figure><img decoding=\"async\" loading=\"lazy\" width=\"428\" height=\"570\" src=\"https:\/\/www.missdefrance.fr\/wp-content\/uploads\/2022\/11\/Marrakech-2022-6-1-428x570.jpg\" alt=\"\" data-id=\"2927\" data-full-url=\"https:\/\/www.missdefrance.fr\/wp-content\/uploads\/2022\/11\/Marrakech-2022-6-1.jpg\" data-link=\"https:\/\/www.missdefrance.fr\/?attachment_id=2927\" class=\"wp-image-2927\" srcset=\"https:\/\/www.missdefrance.fr\/wp-content\/uploads\/2022\/11\/Marrakech-2022-6-1-428x570.jpg 428w, https:\/\/www.missdefrance.fr\/wp-content\/uploads\/2022\/11\/Marrakech-2022-6-1-188x250.jpg 188w, https:\/\/www.missdefrance.fr\/wp-content\/uploads\/2022\/11\/Marrakech-2022-6-1-113x150.jpg 113w, https:\/\/www.missdefrance.fr\/wp-content\/uploads\/2022\/11\/Marrakech-2022-6-1-768x1024.jpg 768w, https:\/\/www.missdefrance.fr\/wp-content\/uploads\/2022\/11\/Marrakech-2022-6-1-1152x1536.jpg 1152w, https:\/\/www.missdefrance.fr\/wp-content\/uploads\/2022\/11\/Marrakech-2022-6-1-1140x1520.jpg 1140w, https:\/\/www.missdefrance.fr\/wp-content\/uploads\/2022\/11\/Marrakech-2022-6-1.jpg 1536w\" sizes=\"(max-width: 428px) 100vw, 428px\" \/><\/figure><\/li><\/ul><\/figure>\n\n\n\n<blockquote class=\"wp-block-quote\"><p>Que nous aimons les voyages et je crois que nos filles aussi !<\/p><\/blockquote>\n\n\n\n<figure class=\"is-layout-flex wp-block-gallery-11 wp-block-gallery columns-0 is-cropped\"><ul class=\"blocks-gallery-grid\"><\/ul><\/figure>\n","protected":false},"excerpt":{"rendered":"<p>Marrakech ne se visite pas, elle se ressent !<\/p>\n","protected":false},"author":1,"featured_media":3029,"comment_status":"open","ping_status":"open","sticky":false,"template":"","format":"standard","meta":[],"categories":[32],"tags":[],"yoast_head":"<!-- This site is optimized with the Yoast SEO plugin v19.11 - https:\/\/yoast.com\/wordpress\/plugins\/seo\/ -->\n<title>Marrakech - Miss Defrance<\/title>\n<meta name=\"robots\" content=\"index, follow, max-snippet:-1, max-image-preview:large, max-video-preview:-1\" \/>\n<link rel=\"canonical\" href=\"https:\/\/www.missdefrance.fr\/?p=2909\" \/>\n<meta property=\"og:locale\" content=\"fr_FR\" \/>\n<meta property=\"og:type\" content=\"article\" \/>\n<meta property=\"og:title\" content=\"Marrakech - Miss Defrance\" \/>\n<meta property=\"og:description\" content=\"Marrakech ne se visite pas, elle se ressent !\" \/>\n<meta property=\"og:url\" content=\"https:\/\/www.missdefrance.fr\/?p=2909\" \/>\n<meta property=\"og:site_name\" content=\"Miss Defrance\" \/>\n<meta property=\"article:published_time\" content=\"2022-11-14T20:30:29+00:00\" \/>\n<meta property=\"article:modified_time\" content=\"2022-11-22T07:41:10+00:00\" \/>\n<meta property=\"og:image\" content=\"https:\/\/www.missdefrance.fr\/wp-content\/uploads\/2022\/11\/Marrakech-2022-13.jpg\" \/>\n\t<meta property=\"og:image:width\" content=\"2048\" \/>\n\t<meta property=\"og:image:height\" content=\"2048\" \/>\n\t<meta property=\"og:image:type\" content=\"image\/jpeg\" \/>\n<meta name=\"author\" content=\"MissDefrance\" \/>\n<meta name=\"twitter:card\" content=\"summary_large_image\" \/>\n<meta name=\"twitter:label1\" content=\"\u00c9crit par\" \/>\n\t<meta name=\"twitter:data1\" content=\"MissDefrance\" \/>\n\t<meta name=\"twitter:label2\" content=\"Dur\u00e9e de lecture estim\u00e9e\" \/>\n\t<meta name=\"twitter:data2\" content=\"2 minutes\" \/>\n<script type=\"application\/ld+json\" class=\"yoast-schema-graph\">{\"@context\":\"https:\/\/schema.org\",\"@graph\":[{\"@type\":\"Article\",\"@id\":\"https:\/\/www.missdefrance.fr\/?p=2909#article\",\"isPartOf\":{\"@id\":\"https:\/\/www.missdefrance.fr\/?p=2909\"},\"author\":{\"name\":\"MissDefrance\",\"@id\":\"https:\/\/www.missdefrance.fr\/#\/schema\/person\/6d0769557ea29f840e36a7bab4b1b05a\"},\"headline\":\"Marrakech\",\"datePublished\":\"2022-11-14T20:30:29+00:00\",\"dateModified\":\"2022-11-22T07:41:10+00:00\",\"mainEntityOfPage\":{\"@id\":\"https:\/\/www.missdefrance.fr\/?p=2909\"},\"wordCount\":399,\"commentCount\":1,\"publisher\":{\"@id\":\"https:\/\/www.missdefrance.fr\/#organization\"},\"articleSection\":[\"Travel\"],\"inLanguage\":\"fr-FR\",\"potentialAction\":[{\"@type\":\"CommentAction\",\"name\":\"Comment\",\"target\":[\"https:\/\/www.missdefrance.fr\/?p=2909#respond\"]}]},{\"@type\":\"WebPage\",\"@id\":\"https:\/\/www.missdefrance.fr\/?p=2909\",\"url\":\"https:\/\/www.missdefrance.fr\/?p=2909\",\"name\":\"Marrakech - Miss Defrance\",\"isPartOf\":{\"@id\":\"https:\/\/www.missdefrance.fr\/#website\"},\"datePublished\":\"2022-11-14T20:30:29+00:00\",\"dateModified\":\"2022-11-22T07:41:10+00:00\",\"breadcrumb\":{\"@id\":\"https:\/\/www.missdefrance.fr\/?p=2909#breadcrumb\"},\"inLanguage\":\"fr-FR\",\"potentialAction\":[{\"@type\":\"ReadAction\",\"target\":[\"https:\/\/www.missdefrance.fr\/?p=2909\"]}]},{\"@type\":\"BreadcrumbList\",\"@id\":\"https:\/\/www.missdefrance.fr\/?p=2909#breadcrumb\",\"itemListElement\":[{\"@type\":\"ListItem\",\"position\":1,\"name\":\"Accueil\",\"item\":\"https:\/\/www.missdefrance.fr\/\"},{\"@type\":\"ListItem\",\"position\":2,\"name\":\"Marrakech\"}]},{\"@type\":\"WebSite\",\"@id\":\"https:\/\/www.missdefrance.fr\/#website\",\"url\":\"https:\/\/www.missdefrance.fr\/\",\"name\":\"Miss Defrance\",\"description\":\"Ainsi va la vie\",\"publisher\":{\"@id\":\"https:\/\/www.missdefrance.fr\/#organization\"},\"potentialAction\":[{\"@type\":\"SearchAction\",\"target\":{\"@type\":\"EntryPoint\",\"urlTemplate\":\"https:\/\/www.missdefrance.fr\/?s={search_term_string}\"},\"query-input\":\"required name=search_term_string\"}],\"inLanguage\":\"fr-FR\"},{\"@type\":\"Organization\",\"@id\":\"https:\/\/www.missdefrance.fr\/#organization\",\"name\":\"Miss Defrance\",\"url\":\"https:\/\/www.missdefrance.fr\/\",\"logo\":{\"@type\":\"ImageObject\",\"inLanguage\":\"fr-FR\",\"@id\":\"https:\/\/www.missdefrance.fr\/#\/schema\/logo\/image\/\",\"url\":\"https:\/\/www.missdefrance.fr\/wp-content\/uploads\/2020\/04\/Logo-e1586448876942.jpg\",\"contentUrl\":\"https:\/\/www.missdefrance.fr\/wp-content\/uploads\/2020\/04\/Logo-e1586448876942.jpg\",\"width\":200,\"height\":181,\"caption\":\"Miss Defrance\"},\"image\":{\"@id\":\"https:\/\/www.missdefrance.fr\/#\/schema\/logo\/image\/\"}},{\"@type\":\"Person\",\"@id\":\"https:\/\/www.missdefrance.fr\/#\/schema\/person\/6d0769557ea29f840e36a7bab4b1b05a\",\"name\":\"MissDefrance\",\"image\":{\"@type\":\"ImageObject\",\"inLanguage\":\"fr-FR\",\"@id\":\"https:\/\/www.missdefrance.fr\/#\/schema\/person\/image\/\",\"url\":\"https:\/\/secure.gravatar.com\/avatar\/41e6486749165b29ee31fb9814c0165f?s=96&d=mm&r=g\",\"contentUrl\":\"https:\/\/secure.gravatar.com\/avatar\/41e6486749165b29ee31fb9814c0165f?s=96&d=mm&r=g\",\"caption\":\"MissDefrance\"},\"description\":\"Je m'appelle Elodie Mari\u00e9e, maman de deux filles adorables, passionn\u00e9e de la vie, je suis ici pour c\u00e9l\u00e9brer la vie sous toutes ses versions et amener les personnes \u00e0 trouver le bonheur dans toutes les choses simples de la vie. Ce blog se veut comme une page de roman qui pourrait vous faire sourire.\",\"sameAs\":[\"https:\/\/www.missdefrance.fr\"],\"url\":\"https:\/\/www.missdefrance.fr\/?author=1\"}]}<\/script>\n<!-- \/ Yoast SEO plugin. -->","yoast_head_json":{"title":"Marrakech - Miss Defrance","robots":{"index":"index","follow":"follow","max-snippet":"max-snippet:-1","max-image-preview":"max-image-preview:large","max-video-preview":"max-video-preview:-1"},"canonical":"https:\/\/www.missdefrance.fr\/?p=2909","og_locale":"fr_FR","og_type":"article","og_title":"Marrakech - Miss Defrance","og_description":"Marrakech ne se visite pas, elle se ressent !","og_url":"https:\/\/www.missdefrance.fr\/?p=2909","og_site_name":"Miss Defrance","article_published_time":"2022-11-14T20:30:29+00:00","article_modified_time":"2022-11-22T07:41:10+00:00","og_image":[{"width":2048,"height":2048,"url":"https:\/\/www.missdefrance.fr\/wp-content\/uploads\/2022\/11\/Marrakech-2022-13.jpg","type":"image\/jpeg"}],"author":"MissDefrance","twitter_card":"summary_large_image","twitter_misc":{"\u00c9crit par":"MissDefrance","Dur\u00e9e de lecture estim\u00e9e":"2 minutes"},"schema":{"@context":"https:\/\/schema.org","@graph":[{"@type":"Article","@id":"https:\/\/www.missdefrance.fr\/?p=2909#article","isPartOf":{"@id":"https:\/\/www.missdefrance.fr\/?p=2909"},"author":{"name":"MissDefrance","@id":"https:\/\/www.missdefrance.fr\/#\/schema\/person\/6d0769557ea29f840e36a7bab4b1b05a"},"headline":"Marrakech","datePublished":"2022-11-14T20:30:29+00:00","dateModified":"2022-11-22T07:41:10+00:00","mainEntityOfPage":{"@id":"https:\/\/www.missdefrance.fr\/?p=2909"},"wordCount":399,"commentCount":1,"publisher":{"@id":"https:\/\/www.missdefrance.fr\/#organization"},"articleSection":["Travel"],"inLanguage":"fr-FR","potentialAction":[{"@type":"CommentAction","name":"Comment","target":["https:\/\/www.missdefrance.fr\/?p=2909#respond"]}]},{"@type":"WebPage","@id":"https:\/\/www.missdefrance.fr\/?p=2909","url":"https:\/\/www.missdefrance.fr\/?p=2909","name":"Marrakech - Miss Defrance","isPartOf":{"@id":"https:\/\/www.missdefrance.fr\/#website"},"datePublished":"2022-11-14T20:30:29+00:00","dateModified":"2022-11-22T07:41:10+00:00","breadcrumb":{"@id":"https:\/\/www.missdefrance.fr\/?p=2909#breadcrumb"},"inLanguage":"fr-FR","potentialAction":[{"@type":"ReadAction","target":["https:\/\/www.missdefrance.fr\/?p=2909"]}]},{"@type":"BreadcrumbList","@id":"https:\/\/www.missdefrance.fr\/?p=2909#breadcrumb","itemListElement":[{"@type":"ListItem","position":1,"name":"Accueil","item":"https:\/\/www.missdefrance.fr\/"},{"@type":"ListItem","position":2,"name":"Marrakech"}]},{"@type":"WebSite","@id":"https:\/\/www.missdefrance.fr\/#website","url":"https:\/\/www.missdefrance.fr\/","name":"Miss Defrance","description":"Ainsi va la vie","publisher":{"@id":"https:\/\/www.missdefrance.fr\/#organization"},"potentialAction":[{"@type":"SearchAction","target":{"@type":"EntryPoint","urlTemplate":"https:\/\/www.missdefrance.fr\/?s={search_term_string}"},"query-input":"required name=search_term_string"}],"inLanguage":"fr-FR"},{"@type":"Organization","@id":"https:\/\/www.missdefrance.fr\/#organization","name":"Miss Defrance","url":"https:\/\/www.missdefrance.fr\/","logo":{"@type":"ImageObject","inLanguage":"fr-FR","@id":"https:\/\/www.missdefrance.fr\/#\/schema\/logo\/image\/","url":"https:\/\/www.missdefrance.fr\/wp-content\/uploads\/2020\/04\/Logo-e1586448876942.jpg","contentUrl":"https:\/\/www.missdefrance.fr\/wp-content\/uploads\/2020\/04\/Logo-e1586448876942.jpg","width":200,"height":181,"caption":"Miss Defrance"},"image":{"@id":"https:\/\/www.missdefrance.fr\/#\/schema\/logo\/image\/"}},{"@type":"Person","@id":"https:\/\/www.missdefrance.fr\/#\/schema\/person\/6d0769557ea29f840e36a7bab4b1b05a","name":"MissDefrance","image":{"@type":"ImageObject","inLanguage":"fr-FR","@id":"https:\/\/www.missdefrance.fr\/#\/schema\/person\/image\/","url":"https:\/\/secure.gravatar.com\/avatar\/41e6486749165b29ee31fb9814c0165f?s=96&d=mm&r=g","contentUrl":"https:\/\/secure.gravatar.com\/avatar\/41e6486749165b29ee31fb9814c0165f?s=96&d=mm&r=g","caption":"MissDefrance"},"description":"Je m'appelle Elodie Mari\u00e9e, maman de deux filles adorables, passionn\u00e9e de la vie, je suis ici pour c\u00e9l\u00e9brer la vie sous toutes ses versions et amener les personnes \u00e0 trouver le bonheur dans toutes les choses simples de la vie. Ce blog se veut comme une page de roman qui pourrait vous faire sourire.","sameAs":["https:\/\/www.missdefrance.fr"],"url":"https:\/\/www.missdefrance.fr\/?author=1"}]}},"_links":{"self":[{"href":"https:\/\/www.missdefrance.fr\/index.php?rest_route=\/wp\/v2\/posts\/2909"}],"collection":[{"href":"https:\/\/www.missdefrance.fr\/index.php?rest_route=\/wp\/v2\/posts"}],"about":[{"href":"https:\/\/www.missdefrance.fr\/index.php?rest_route=\/wp\/v2\/types\/post"}],"author":[{"embeddable":true,"href":"https:\/\/www.missdefrance.fr\/index.php?rest_route=\/wp\/v2\/users\/1"}],"replies":[{"embeddable":true,"href":"https:\/\/www.missdefrance.fr\/index.php?rest_route=%2Fwp%2Fv2%2Fcomments&post=2909"}],"version-history":[{"count":27,"href":"https:\/\/www.missdefrance.fr\/index.php?rest_route=\/wp\/v2\/posts\/2909\/revisions"}],"predecessor-version":[{"id":3173,"href":"https:\/\/www.missdefrance.fr\/index.php?rest_route=\/wp\/v2\/posts\/2909\/revisions\/3173"}],"wp:featuredmedia":[{"embeddable":true,"href":"https:\/\/www.missdefrance.fr\/index.php?rest_route=\/wp\/v2\/media\/3029"}],"wp:attachment":[{"href":"https:\/\/www.missdefrance.fr\/index.php?rest_route=%2Fwp%2Fv2%2Fmedia&parent=2909"}],"wp:term":[{"taxonomy":"category","embeddable":true,"href":"https:\/\/www.missdefrance.fr\/index.php?rest_route=%2Fwp%2Fv2%2Fcategories&post=2909"},{"taxonomy":"post_tag","embeddable":true,"href":"https:\/\/www.missdefrance.fr\/index.php?rest_route=%2Fwp%2Fv2%2Ftags&post=2909"}],"curies":[{"name":"wp","href":"https:\/\/api.w.org\/{rel}","templated":true}]}}