{"id":4490,"date":"2024-11-03T10:51:18","date_gmt":"2024-11-03T10:51:18","guid":{"rendered":"https:\/\/www.missdefrance.fr\/?p=4490"},"modified":"2024-11-03T10:51:32","modified_gmt":"2024-11-03T10:51:32","slug":"captures-dautomne","status":"publish","type":"post","link":"https:\/\/www.missdefrance.fr\/?p=4490","title":{"rendered":"Captures d&rsquo;automne"},"content":{"rendered":"\n<p>L&rsquo;automne est l&rsquo;une des saisons les plus photog\u00e9nique, offrant une palette de couleurs riches et des paysages vari\u00e9s. Chaque s\u00e9ance photo durant cette p\u00e9riode est une nouvelle occasion de capturer la magie et la m\u00e9lancolie qui caract\u00e9risent cette douce saison.<\/p>\n\n\n\n<p>C&rsquo;est avec chance que M\u00e9lissa m&rsquo;a demand\u00e9 d&rsquo;immortaliser cette jolie fin de grossesse avec mon objectif.<\/p>\n\n\n\n<p>J&rsquo;ai fait le choix sur le blog de vous monter quelques clich\u00e9s en noir et blanc pour une approche artistique et \u00e9motive et puis il faut se le dire, jouer avec les contrastes et la luminosit\u00e9 pour faire ressortir les d\u00e9tails est un r\u00e9el plaisir. Les ombres pouvant ajouter une dimension dramatique, tandis que les lumi\u00e8res peuvent accentuer la douceur de cette magnifique grossesse.<\/p>\n\n\n\n<p>Merci \u00e0 toi douce M\u00e9lissa<\/p>\n\n\n\n<p>Merci \u00e0 vous <\/p>\n\n\n\n<figure class=\"is-layout-flex wp-block-gallery-1 wp-block-gallery has-nested-images columns-default is-cropped\">\n<figure class=\"wp-block-image size-large\"><img decoding=\"async\" loading=\"lazy\" width=\"380\" height=\"570\" data-id=\"4491\"  src=\"https:\/\/www.missdefrance.fr\/wp-content\/uploads\/2024\/11\/DSCF7621-380x570.jpg\" alt=\"L'automne en noir et blanc\" class=\"wp-image-4491\" srcset=\"https:\/\/www.missdefrance.fr\/wp-content\/uploads\/2024\/11\/DSCF7621-380x570.jpg 380w, https:\/\/www.missdefrance.fr\/wp-content\/uploads\/2024\/11\/DSCF7621-167x250.jpg 167w, https:\/\/www.missdefrance.fr\/wp-content\/uploads\/2024\/11\/DSCF7621-100x150.jpg 100w, https:\/\/www.missdefrance.fr\/wp-content\/uploads\/2024\/11\/DSCF7621-768x1152.jpg 768w, https:\/\/www.missdefrance.fr\/wp-content\/uploads\/2024\/11\/DSCF7621-1024x1536.jpg 1024w, https:\/\/www.missdefrance.fr\/wp-content\/uploads\/2024\/11\/DSCF7621-1140x1710.jpg 1140w, https:\/\/www.missdefrance.fr\/wp-content\/uploads\/2024\/11\/DSCF7621.jpg 1365w\" sizes=\"(max-width: 380px) 100vw, 380px\" \/><\/figure>\n\n\n\n<figure class=\"wp-block-image size-large\"><img decoding=\"async\" loading=\"lazy\" width=\"380\" height=\"570\" data-id=\"4492\"  src=\"https:\/\/www.missdefrance.fr\/wp-content\/uploads\/2024\/11\/DSCF7683-380x570.jpg\" alt=\"\" class=\"wp-image-4492\" srcset=\"https:\/\/www.missdefrance.fr\/wp-content\/uploads\/2024\/11\/DSCF7683-380x570.jpg 380w, https:\/\/www.missdefrance.fr\/wp-content\/uploads\/2024\/11\/DSCF7683-167x250.jpg 167w, https:\/\/www.missdefrance.fr\/wp-content\/uploads\/2024\/11\/DSCF7683-100x150.jpg 100w, https:\/\/www.missdefrance.fr\/wp-content\/uploads\/2024\/11\/DSCF7683-768x1152.jpg 768w, https:\/\/www.missdefrance.fr\/wp-content\/uploads\/2024\/11\/DSCF7683-1024x1536.jpg 1024w, https:\/\/www.missdefrance.fr\/wp-content\/uploads\/2024\/11\/DSCF7683-1140x1710.jpg 1140w, https:\/\/www.missdefrance.fr\/wp-content\/uploads\/2024\/11\/DSCF7683.jpg 1365w\" sizes=\"(max-width: 380px) 100vw, 380px\" \/><\/figure>\n\n\n\n<figure class=\"wp-block-image size-large\"><img decoding=\"async\" loading=\"lazy\" width=\"570\" height=\"380\" data-id=\"4493\"  src=\"https:\/\/www.missdefrance.fr\/wp-content\/uploads\/2024\/11\/DSCF7710-570x380.jpg\" alt=\"\" class=\"wp-image-4493\" srcset=\"https:\/\/www.missdefrance.fr\/wp-content\/uploads\/2024\/11\/DSCF7710-570x380.jpg 570w, https:\/\/www.missdefrance.fr\/wp-content\/uploads\/2024\/11\/DSCF7710-250x167.jpg 250w, https:\/\/www.missdefrance.fr\/wp-content\/uploads\/2024\/11\/DSCF7710-150x100.jpg 150w, https:\/\/www.missdefrance.fr\/wp-content\/uploads\/2024\/11\/DSCF7710-768x512.jpg 768w, https:\/\/www.missdefrance.fr\/wp-content\/uploads\/2024\/11\/DSCF7710-1536x1024.jpg 1536w, https:\/\/www.missdefrance.fr\/wp-content\/uploads\/2024\/11\/DSCF7710-1140x760.jpg 1140w, https:\/\/www.missdefrance.fr\/wp-content\/uploads\/2024\/11\/DSCF7710.jpg 2048w\" sizes=\"(max-width: 570px) 100vw, 570px\" \/><\/figure>\n\n\n\n<figure class=\"wp-block-image size-large\"><img decoding=\"async\" loading=\"lazy\" width=\"570\" height=\"380\" data-id=\"4495\"  src=\"https:\/\/www.missdefrance.fr\/wp-content\/uploads\/2024\/11\/DSCF7748-570x380.jpg\" alt=\"\" class=\"wp-image-4495\" srcset=\"https:\/\/www.missdefrance.fr\/wp-content\/uploads\/2024\/11\/DSCF7748-570x380.jpg 570w, https:\/\/www.missdefrance.fr\/wp-content\/uploads\/2024\/11\/DSCF7748-250x167.jpg 250w, https:\/\/www.missdefrance.fr\/wp-content\/uploads\/2024\/11\/DSCF7748-150x100.jpg 150w, https:\/\/www.missdefrance.fr\/wp-content\/uploads\/2024\/11\/DSCF7748-768x512.jpg 768w, https:\/\/www.missdefrance.fr\/wp-content\/uploads\/2024\/11\/DSCF7748-1536x1024.jpg 1536w, https:\/\/www.missdefrance.fr\/wp-content\/uploads\/2024\/11\/DSCF7748-1140x760.jpg 1140w, https:\/\/www.missdefrance.fr\/wp-content\/uploads\/2024\/11\/DSCF7748.jpg 2048w\" sizes=\"(max-width: 570px) 100vw, 570px\" \/><\/figure>\n\n\n\n<figure class=\"wp-block-image size-large\"><img decoding=\"async\" loading=\"lazy\" width=\"380\" height=\"570\" data-id=\"4497\"  src=\"https:\/\/www.missdefrance.fr\/wp-content\/uploads\/2024\/11\/DSCF7797-380x570.jpg\" alt=\"\" class=\"wp-image-4497\" srcset=\"https:\/\/www.missdefrance.fr\/wp-content\/uploads\/2024\/11\/DSCF7797-380x570.jpg 380w, https:\/\/www.missdefrance.fr\/wp-content\/uploads\/2024\/11\/DSCF7797-167x250.jpg 167w, https:\/\/www.missdefrance.fr\/wp-content\/uploads\/2024\/11\/DSCF7797-100x150.jpg 100w, https:\/\/www.missdefrance.fr\/wp-content\/uploads\/2024\/11\/DSCF7797-768x1152.jpg 768w, https:\/\/www.missdefrance.fr\/wp-content\/uploads\/2024\/11\/DSCF7797-1024x1536.jpg 1024w, https:\/\/www.missdefrance.fr\/wp-content\/uploads\/2024\/11\/DSCF7797-1140x1710.jpg 1140w, https:\/\/www.missdefrance.fr\/wp-content\/uploads\/2024\/11\/DSCF7797.jpg 1365w\" sizes=\"(max-width: 380px) 100vw, 380px\" \/><\/figure>\n\n\n\n<figure class=\"wp-block-image size-large\"><img decoding=\"async\" loading=\"lazy\" width=\"380\" height=\"570\" data-id=\"4498\"  src=\"https:\/\/www.missdefrance.fr\/wp-content\/uploads\/2024\/11\/DSCF7832-380x570.jpg\" alt=\"\" class=\"wp-image-4498\" srcset=\"https:\/\/www.missdefrance.fr\/wp-content\/uploads\/2024\/11\/DSCF7832-380x570.jpg 380w, https:\/\/www.missdefrance.fr\/wp-content\/uploads\/2024\/11\/DSCF7832-167x250.jpg 167w, https:\/\/www.missdefrance.fr\/wp-content\/uploads\/2024\/11\/DSCF7832-100x150.jpg 100w, https:\/\/www.missdefrance.fr\/wp-content\/uploads\/2024\/11\/DSCF7832-768x1152.jpg 768w, https:\/\/www.missdefrance.fr\/wp-content\/uploads\/2024\/11\/DSCF7832-1024x1536.jpg 1024w, https:\/\/www.missdefrance.fr\/wp-content\/uploads\/2024\/11\/DSCF7832-1140x1710.jpg 1140w, https:\/\/www.missdefrance.fr\/wp-content\/uploads\/2024\/11\/DSCF7832.jpg 1365w\" sizes=\"(max-width: 380px) 100vw, 380px\" \/><\/figure>\n\n\n\n<figure class=\"wp-block-image size-large\"><img decoding=\"async\" loading=\"lazy\" width=\"380\" height=\"570\" data-id=\"4501\"  src=\"https:\/\/www.missdefrance.fr\/wp-content\/uploads\/2024\/11\/DSCF7887-380x570.jpg\" alt=\"\" class=\"wp-image-4501\" srcset=\"https:\/\/www.missdefrance.fr\/wp-content\/uploads\/2024\/11\/DSCF7887-380x570.jpg 380w, https:\/\/www.missdefrance.fr\/wp-content\/uploads\/2024\/11\/DSCF7887-167x250.jpg 167w, https:\/\/www.missdefrance.fr\/wp-content\/uploads\/2024\/11\/DSCF7887-100x150.jpg 100w, https:\/\/www.missdefrance.fr\/wp-content\/uploads\/2024\/11\/DSCF7887-768x1152.jpg 768w, https:\/\/www.missdefrance.fr\/wp-content\/uploads\/2024\/11\/DSCF7887-1024x1536.jpg 1024w, https:\/\/www.missdefrance.fr\/wp-content\/uploads\/2024\/11\/DSCF7887-1140x1710.jpg 1140w, https:\/\/www.missdefrance.fr\/wp-content\/uploads\/2024\/11\/DSCF7887.jpg 1365w\" sizes=\"(max-width: 380px) 100vw, 380px\" \/><\/figure>\n\n\n\n<figure class=\"wp-block-image size-large\"><img decoding=\"async\" loading=\"lazy\" width=\"380\" height=\"570\" data-id=\"4499\"  src=\"https:\/\/www.missdefrance.fr\/wp-content\/uploads\/2024\/11\/DSCF7879-380x570.jpg\" alt=\"\" class=\"wp-image-4499\" srcset=\"https:\/\/www.missdefrance.fr\/wp-content\/uploads\/2024\/11\/DSCF7879-380x570.jpg 380w, https:\/\/www.missdefrance.fr\/wp-content\/uploads\/2024\/11\/DSCF7879-167x250.jpg 167w, https:\/\/www.missdefrance.fr\/wp-content\/uploads\/2024\/11\/DSCF7879-100x150.jpg 100w, https:\/\/www.missdefrance.fr\/wp-content\/uploads\/2024\/11\/DSCF7879-768x1152.jpg 768w, https:\/\/www.missdefrance.fr\/wp-content\/uploads\/2024\/11\/DSCF7879-1024x1536.jpg 1024w, https:\/\/www.missdefrance.fr\/wp-content\/uploads\/2024\/11\/DSCF7879-1140x1710.jpg 1140w, https:\/\/www.missdefrance.fr\/wp-content\/uploads\/2024\/11\/DSCF7879.jpg 1365w\" sizes=\"(max-width: 380px) 100vw, 380px\" \/><\/figure>\n\n\n\n<figure class=\"wp-block-image size-large\"><img decoding=\"async\" loading=\"lazy\" width=\"380\" height=\"570\" data-id=\"4500\"  src=\"https:\/\/www.missdefrance.fr\/wp-content\/uploads\/2024\/11\/DSCF7885-380x570.jpg\" alt=\"\" class=\"wp-image-4500\" srcset=\"https:\/\/www.missdefrance.fr\/wp-content\/uploads\/2024\/11\/DSCF7885-380x570.jpg 380w, https:\/\/www.missdefrance.fr\/wp-content\/uploads\/2024\/11\/DSCF7885-167x250.jpg 167w, https:\/\/www.missdefrance.fr\/wp-content\/uploads\/2024\/11\/DSCF7885-100x150.jpg 100w, https:\/\/www.missdefrance.fr\/wp-content\/uploads\/2024\/11\/DSCF7885-768x1152.jpg 768w, https:\/\/www.missdefrance.fr\/wp-content\/uploads\/2024\/11\/DSCF7885-1024x1536.jpg 1024w, https:\/\/www.missdefrance.fr\/wp-content\/uploads\/2024\/11\/DSCF7885-1140x1710.jpg 1140w, https:\/\/www.missdefrance.fr\/wp-content\/uploads\/2024\/11\/DSCF7885.jpg 1365w\" sizes=\"(max-width: 380px) 100vw, 380px\" \/><\/figure>\n\n\n\n<figure class=\"wp-block-image size-large\"><img decoding=\"async\" loading=\"lazy\" width=\"380\" height=\"570\" data-id=\"4502\"  src=\"https:\/\/www.missdefrance.fr\/wp-content\/uploads\/2024\/11\/DSCF7892-380x570.jpg\" alt=\"\" class=\"wp-image-4502\" srcset=\"https:\/\/www.missdefrance.fr\/wp-content\/uploads\/2024\/11\/DSCF7892-380x570.jpg 380w, https:\/\/www.missdefrance.fr\/wp-content\/uploads\/2024\/11\/DSCF7892-167x250.jpg 167w, https:\/\/www.missdefrance.fr\/wp-content\/uploads\/2024\/11\/DSCF7892-100x150.jpg 100w, https:\/\/www.missdefrance.fr\/wp-content\/uploads\/2024\/11\/DSCF7892-768x1152.jpg 768w, https:\/\/www.missdefrance.fr\/wp-content\/uploads\/2024\/11\/DSCF7892-1024x1536.jpg 1024w, https:\/\/www.missdefrance.fr\/wp-content\/uploads\/2024\/11\/DSCF7892-1140x1710.jpg 1140w, https:\/\/www.missdefrance.fr\/wp-content\/uploads\/2024\/11\/DSCF7892.jpg 1365w\" sizes=\"(max-width: 380px) 100vw, 380px\" \/><\/figure>\n\n\n\n<figure class=\"wp-block-image size-large\"><img decoding=\"async\" loading=\"lazy\" width=\"380\" height=\"570\" data-id=\"4505\"  src=\"https:\/\/www.missdefrance.fr\/wp-content\/uploads\/2024\/11\/DSCF8023-380x570.jpg\" alt=\"\" class=\"wp-image-4505\" srcset=\"https:\/\/www.missdefrance.fr\/wp-content\/uploads\/2024\/11\/DSCF8023-380x570.jpg 380w, https:\/\/www.missdefrance.fr\/wp-content\/uploads\/2024\/11\/DSCF8023-167x250.jpg 167w, https:\/\/www.missdefrance.fr\/wp-content\/uploads\/2024\/11\/DSCF8023-100x150.jpg 100w, https:\/\/www.missdefrance.fr\/wp-content\/uploads\/2024\/11\/DSCF8023-768x1152.jpg 768w, https:\/\/www.missdefrance.fr\/wp-content\/uploads\/2024\/11\/DSCF8023-1024x1536.jpg 1024w, https:\/\/www.missdefrance.fr\/wp-content\/uploads\/2024\/11\/DSCF8023-1140x1710.jpg 1140w, https:\/\/www.missdefrance.fr\/wp-content\/uploads\/2024\/11\/DSCF8023.jpg 1365w\" sizes=\"(max-width: 380px) 100vw, 380px\" \/><\/figure>\n\n\n\n<figure class=\"wp-block-image size-large\"><img decoding=\"async\" loading=\"lazy\" width=\"570\" height=\"380\" data-id=\"4506\"  src=\"https:\/\/www.missdefrance.fr\/wp-content\/uploads\/2024\/11\/IMG_8054-570x380.jpg\" alt=\"\" class=\"wp-image-4506\" srcset=\"https:\/\/www.missdefrance.fr\/wp-content\/uploads\/2024\/11\/IMG_8054-570x380.jpg 570w, https:\/\/www.missdefrance.fr\/wp-content\/uploads\/2024\/11\/IMG_8054-250x167.jpg 250w, https:\/\/www.missdefrance.fr\/wp-content\/uploads\/2024\/11\/IMG_8054-150x100.jpg 150w, https:\/\/www.missdefrance.fr\/wp-content\/uploads\/2024\/11\/IMG_8054-768x512.jpg 768w, https:\/\/www.missdefrance.fr\/wp-content\/uploads\/2024\/11\/IMG_8054-1536x1024.jpg 1536w, https:\/\/www.missdefrance.fr\/wp-content\/uploads\/2024\/11\/IMG_8054-1140x760.jpg 1140w, https:\/\/www.missdefrance.fr\/wp-content\/uploads\/2024\/11\/IMG_8054.jpg 2048w\" sizes=\"(max-width: 570px) 100vw, 570px\" \/><\/figure>\n<\/figure>\n","protected":false},"excerpt":{"rendered":"<p>L&rsquo;automne en noir et blanc<\/p>\n","protected":false},"author":1,"featured_media":4491,"comment_status":"open","ping_status":"open","sticky":false,"template":"","format":"standard","meta":[],"categories":[35],"tags":[],"yoast_head":"<!-- This site is optimized with the Yoast SEO plugin v19.11 - https:\/\/yoast.com\/wordpress\/plugins\/seo\/ -->\n<title>Captures d&#039;automne - Miss Defrance<\/title>\n<meta name=\"robots\" content=\"index, follow, max-snippet:-1, max-image-preview:large, max-video-preview:-1\" \/>\n<link rel=\"canonical\" href=\"https:\/\/www.missdefrance.fr\/?p=4490\" \/>\n<meta property=\"og:locale\" content=\"fr_FR\" \/>\n<meta property=\"og:type\" content=\"article\" \/>\n<meta property=\"og:title\" content=\"Captures d&#039;automne - Miss Defrance\" \/>\n<meta property=\"og:description\" content=\"L&#039;automne en noir et blanc\" \/>\n<meta property=\"og:url\" content=\"https:\/\/www.missdefrance.fr\/?p=4490\" \/>\n<meta property=\"og:site_name\" content=\"Miss Defrance\" \/>\n<meta property=\"article:published_time\" content=\"2024-11-03T10:51:18+00:00\" \/>\n<meta property=\"article:modified_time\" content=\"2024-11-03T10:51:32+00:00\" \/>\n<meta property=\"og:image\" content=\"https:\/\/www.missdefrance.fr\/wp-content\/uploads\/2024\/11\/DSCF7621.jpg\" \/>\n\t<meta property=\"og:image:width\" content=\"1365\" \/>\n\t<meta property=\"og:image:height\" content=\"2048\" \/>\n\t<meta property=\"og:image:type\" content=\"image\/jpeg\" \/>\n<meta name=\"author\" content=\"MissDefrance\" \/>\n<meta name=\"twitter:card\" content=\"summary_large_image\" \/>\n<meta name=\"twitter:label1\" content=\"\u00c9crit par\" \/>\n\t<meta name=\"twitter:data1\" content=\"MissDefrance\" \/>\n\t<meta name=\"twitter:label2\" content=\"Dur\u00e9e de lecture estim\u00e9e\" \/>\n\t<meta name=\"twitter:data2\" content=\"4 minutes\" \/>\n<script type=\"application\/ld+json\" class=\"yoast-schema-graph\">{\"@context\":\"https:\/\/schema.org\",\"@graph\":[{\"@type\":\"Article\",\"@id\":\"https:\/\/www.missdefrance.fr\/?p=4490#article\",\"isPartOf\":{\"@id\":\"https:\/\/www.missdefrance.fr\/?p=4490\"},\"author\":{\"name\":\"MissDefrance\",\"@id\":\"https:\/\/www.missdefrance.fr\/#\/schema\/person\/6d0769557ea29f840e36a7bab4b1b05a\"},\"headline\":\"Captures d&rsquo;automne\",\"datePublished\":\"2024-11-03T10:51:18+00:00\",\"dateModified\":\"2024-11-03T10:51:32+00:00\",\"mainEntityOfPage\":{\"@id\":\"https:\/\/www.missdefrance.fr\/?p=4490\"},\"wordCount\":147,\"commentCount\":0,\"publisher\":{\"@id\":\"https:\/\/www.missdefrance.fr\/#organization\"},\"articleSection\":[\"Photography\"],\"inLanguage\":\"fr-FR\",\"potentialAction\":[{\"@type\":\"CommentAction\",\"name\":\"Comment\",\"target\":[\"https:\/\/www.missdefrance.fr\/?p=4490#respond\"]}]},{\"@type\":\"WebPage\",\"@id\":\"https:\/\/www.missdefrance.fr\/?p=4490\",\"url\":\"https:\/\/www.missdefrance.fr\/?p=4490\",\"name\":\"Captures d'automne - Miss Defrance\",\"isPartOf\":{\"@id\":\"https:\/\/www.missdefrance.fr\/#website\"},\"datePublished\":\"2024-11-03T10:51:18+00:00\",\"dateModified\":\"2024-11-03T10:51:32+00:00\",\"breadcrumb\":{\"@id\":\"https:\/\/www.missdefrance.fr\/?p=4490#breadcrumb\"},\"inLanguage\":\"fr-FR\",\"potentialAction\":[{\"@type\":\"ReadAction\",\"target\":[\"https:\/\/www.missdefrance.fr\/?p=4490\"]}]},{\"@type\":\"BreadcrumbList\",\"@id\":\"https:\/\/www.missdefrance.fr\/?p=4490#breadcrumb\",\"itemListElement\":[{\"@type\":\"ListItem\",\"position\":1,\"name\":\"Accueil\",\"item\":\"https:\/\/www.missdefrance.fr\/\"},{\"@type\":\"ListItem\",\"position\":2,\"name\":\"Captures d&rsquo;automne\"}]},{\"@type\":\"WebSite\",\"@id\":\"https:\/\/www.missdefrance.fr\/#website\",\"url\":\"https:\/\/www.missdefrance.fr\/\",\"name\":\"Miss Defrance\",\"description\":\"Ainsi va la vie\",\"publisher\":{\"@id\":\"https:\/\/www.missdefrance.fr\/#organization\"},\"potentialAction\":[{\"@type\":\"SearchAction\",\"target\":{\"@type\":\"EntryPoint\",\"urlTemplate\":\"https:\/\/www.missdefrance.fr\/?s={search_term_string}\"},\"query-input\":\"required name=search_term_string\"}],\"inLanguage\":\"fr-FR\"},{\"@type\":\"Organization\",\"@id\":\"https:\/\/www.missdefrance.fr\/#organization\",\"name\":\"Miss Defrance\",\"url\":\"https:\/\/www.missdefrance.fr\/\",\"logo\":{\"@type\":\"ImageObject\",\"inLanguage\":\"fr-FR\",\"@id\":\"https:\/\/www.missdefrance.fr\/#\/schema\/logo\/image\/\",\"url\":\"https:\/\/www.missdefrance.fr\/wp-content\/uploads\/2020\/04\/Logo-e1586448876942.jpg\",\"contentUrl\":\"https:\/\/www.missdefrance.fr\/wp-content\/uploads\/2020\/04\/Logo-e1586448876942.jpg\",\"width\":200,\"height\":181,\"caption\":\"Miss Defrance\"},\"image\":{\"@id\":\"https:\/\/www.missdefrance.fr\/#\/schema\/logo\/image\/\"}},{\"@type\":\"Person\",\"@id\":\"https:\/\/www.missdefrance.fr\/#\/schema\/person\/6d0769557ea29f840e36a7bab4b1b05a\",\"name\":\"MissDefrance\",\"image\":{\"@type\":\"ImageObject\",\"inLanguage\":\"fr-FR\",\"@id\":\"https:\/\/www.missdefrance.fr\/#\/schema\/person\/image\/\",\"url\":\"https:\/\/secure.gravatar.com\/avatar\/41e6486749165b29ee31fb9814c0165f?s=96&d=mm&r=g\",\"contentUrl\":\"https:\/\/secure.gravatar.com\/avatar\/41e6486749165b29ee31fb9814c0165f?s=96&d=mm&r=g\",\"caption\":\"MissDefrance\"},\"description\":\"Je m'appelle Elodie Mari\u00e9e, maman de deux filles adorables, passionn\u00e9e de la vie, je suis ici pour c\u00e9l\u00e9brer la vie sous toutes ses versions et amener les personnes \u00e0 trouver le bonheur dans toutes les choses simples de la vie. Ce blog se veut comme une page de roman qui pourrait vous faire sourire.\",\"sameAs\":[\"https:\/\/www.missdefrance.fr\"],\"url\":\"https:\/\/www.missdefrance.fr\/?author=1\"}]}<\/script>\n<!-- \/ Yoast SEO plugin. -->","yoast_head_json":{"title":"Captures d'automne - Miss Defrance","robots":{"index":"index","follow":"follow","max-snippet":"max-snippet:-1","max-image-preview":"max-image-preview:large","max-video-preview":"max-video-preview:-1"},"canonical":"https:\/\/www.missdefrance.fr\/?p=4490","og_locale":"fr_FR","og_type":"article","og_title":"Captures d'automne - Miss Defrance","og_description":"L'automne en noir et blanc","og_url":"https:\/\/www.missdefrance.fr\/?p=4490","og_site_name":"Miss Defrance","article_published_time":"2024-11-03T10:51:18+00:00","article_modified_time":"2024-11-03T10:51:32+00:00","og_image":[{"width":1365,"height":2048,"url":"https:\/\/www.missdefrance.fr\/wp-content\/uploads\/2024\/11\/DSCF7621.jpg","type":"image\/jpeg"}],"author":"MissDefrance","twitter_card":"summary_large_image","twitter_misc":{"\u00c9crit par":"MissDefrance","Dur\u00e9e de lecture estim\u00e9e":"4 minutes"},"schema":{"@context":"https:\/\/schema.org","@graph":[{"@type":"Article","@id":"https:\/\/www.missdefrance.fr\/?p=4490#article","isPartOf":{"@id":"https:\/\/www.missdefrance.fr\/?p=4490"},"author":{"name":"MissDefrance","@id":"https:\/\/www.missdefrance.fr\/#\/schema\/person\/6d0769557ea29f840e36a7bab4b1b05a"},"headline":"Captures d&rsquo;automne","datePublished":"2024-11-03T10:51:18+00:00","dateModified":"2024-11-03T10:51:32+00:00","mainEntityOfPage":{"@id":"https:\/\/www.missdefrance.fr\/?p=4490"},"wordCount":147,"commentCount":0,"publisher":{"@id":"https:\/\/www.missdefrance.fr\/#organization"},"articleSection":["Photography"],"inLanguage":"fr-FR","potentialAction":[{"@type":"CommentAction","name":"Comment","target":["https:\/\/www.missdefrance.fr\/?p=4490#respond"]}]},{"@type":"WebPage","@id":"https:\/\/www.missdefrance.fr\/?p=4490","url":"https:\/\/www.missdefrance.fr\/?p=4490","name":"Captures d'automne - Miss Defrance","isPartOf":{"@id":"https:\/\/www.missdefrance.fr\/#website"},"datePublished":"2024-11-03T10:51:18+00:00","dateModified":"2024-11-03T10:51:32+00:00","breadcrumb":{"@id":"https:\/\/www.missdefrance.fr\/?p=4490#breadcrumb"},"inLanguage":"fr-FR","potentialAction":[{"@type":"ReadAction","target":["https:\/\/www.missdefrance.fr\/?p=4490"]}]},{"@type":"BreadcrumbList","@id":"https:\/\/www.missdefrance.fr\/?p=4490#breadcrumb","itemListElement":[{"@type":"ListItem","position":1,"name":"Accueil","item":"https:\/\/www.missdefrance.fr\/"},{"@type":"ListItem","position":2,"name":"Captures d&rsquo;automne"}]},{"@type":"WebSite","@id":"https:\/\/www.missdefrance.fr\/#website","url":"https:\/\/www.missdefrance.fr\/","name":"Miss Defrance","description":"Ainsi va la vie","publisher":{"@id":"https:\/\/www.missdefrance.fr\/#organization"},"potentialAction":[{"@type":"SearchAction","target":{"@type":"EntryPoint","urlTemplate":"https:\/\/www.missdefrance.fr\/?s={search_term_string}"},"query-input":"required name=search_term_string"}],"inLanguage":"fr-FR"},{"@type":"Organization","@id":"https:\/\/www.missdefrance.fr\/#organization","name":"Miss Defrance","url":"https:\/\/www.missdefrance.fr\/","logo":{"@type":"ImageObject","inLanguage":"fr-FR","@id":"https:\/\/www.missdefrance.fr\/#\/schema\/logo\/image\/","url":"https:\/\/www.missdefrance.fr\/wp-content\/uploads\/2020\/04\/Logo-e1586448876942.jpg","contentUrl":"https:\/\/www.missdefrance.fr\/wp-content\/uploads\/2020\/04\/Logo-e1586448876942.jpg","width":200,"height":181,"caption":"Miss Defrance"},"image":{"@id":"https:\/\/www.missdefrance.fr\/#\/schema\/logo\/image\/"}},{"@type":"Person","@id":"https:\/\/www.missdefrance.fr\/#\/schema\/person\/6d0769557ea29f840e36a7bab4b1b05a","name":"MissDefrance","image":{"@type":"ImageObject","inLanguage":"fr-FR","@id":"https:\/\/www.missdefrance.fr\/#\/schema\/person\/image\/","url":"https:\/\/secure.gravatar.com\/avatar\/41e6486749165b29ee31fb9814c0165f?s=96&d=mm&r=g","contentUrl":"https:\/\/secure.gravatar.com\/avatar\/41e6486749165b29ee31fb9814c0165f?s=96&d=mm&r=g","caption":"MissDefrance"},"description":"Je m'appelle Elodie Mari\u00e9e, maman de deux filles adorables, passionn\u00e9e de la vie, je suis ici pour c\u00e9l\u00e9brer la vie sous toutes ses versions et amener les personnes \u00e0 trouver le bonheur dans toutes les choses simples de la vie. Ce blog se veut comme une page de roman qui pourrait vous faire sourire.","sameAs":["https:\/\/www.missdefrance.fr"],"url":"https:\/\/www.missdefrance.fr\/?author=1"}]}},"_links":{"self":[{"href":"https:\/\/www.missdefrance.fr\/index.php?rest_route=\/wp\/v2\/posts\/4490"}],"collection":[{"href":"https:\/\/www.missdefrance.fr\/index.php?rest_route=\/wp\/v2\/posts"}],"about":[{"href":"https:\/\/www.missdefrance.fr\/index.php?rest_route=\/wp\/v2\/types\/post"}],"author":[{"embeddable":true,"href":"https:\/\/www.missdefrance.fr\/index.php?rest_route=\/wp\/v2\/users\/1"}],"replies":[{"embeddable":true,"href":"https:\/\/www.missdefrance.fr\/index.php?rest_route=%2Fwp%2Fv2%2Fcomments&post=4490"}],"version-history":[{"count":1,"href":"https:\/\/www.missdefrance.fr\/index.php?rest_route=\/wp\/v2\/posts\/4490\/revisions"}],"predecessor-version":[{"id":4507,"href":"https:\/\/www.missdefrance.fr\/index.php?rest_route=\/wp\/v2\/posts\/4490\/revisions\/4507"}],"wp:featuredmedia":[{"embeddable":true,"href":"https:\/\/www.missdefrance.fr\/index.php?rest_route=\/wp\/v2\/media\/4491"}],"wp:attachment":[{"href":"https:\/\/www.missdefrance.fr\/index.php?rest_route=%2Fwp%2Fv2%2Fmedia&parent=4490"}],"wp:term":[{"taxonomy":"category","embeddable":true,"href":"https:\/\/www.missdefrance.fr\/index.php?rest_route=%2Fwp%2Fv2%2Fcategories&post=4490"},{"taxonomy":"post_tag","embeddable":true,"href":"https:\/\/www.missdefrance.fr\/index.php?rest_route=%2Fwp%2Fv2%2Ftags&post=4490"}],"curies":[{"name":"wp","href":"https:\/\/api.w.org\/{rel}","templated":true}]}}